{"id":32206,"date":"2022-11-03T07:05:07","date_gmt":"2022-11-03T10:05:07","guid":{"rendered":"https:\/\/panoramadelsur.com.ar\/?p=32206"},"modified":"2022-11-03T07:05:10","modified_gmt":"2022-11-03T10:05:10","slug":"la-unq-distinguira-a-daniel-paz-con-una-mencion-honorifica","status":"publish","type":"post","link":"https:\/\/panoramadelsur.com.ar\/?p=32206","title":{"rendered":"LA UNQ DISTINGUIR\u00c1 A DANIEL PAZ CON UNA MENCI\u00d3N HONOR\u00cdFICA"},"content":{"rendered":"\n<p class=\"wp-block-paragraph\">La Universidad Nacional de Quilmes (UNQ) distinguir\u00e1 al humorista gr\u00e1fico Daniel Paz con una Menci\u00f3n Honor\u00edfica por su trayectoria y compromiso cultural, en una ceremonia que lo galardonar\u00e1 con un Diploma y una medalla de plata este jueves 3 de noviembre de 2022 a las 18 horas en el Sal\u00f3n Auditorio de la UNQ.<\/p>\n\n\n\n<p class=\"wp-block-paragraph\">Estar\u00e1n presentes durante la premiaci\u00f3n el rector de la UNQ. Alfredo Alfonso, junto a autoridades de la Universidad. El cierre de la ceremonia estar\u00e1 a cargo del grupo musical&nbsp;<em>Pablo G\u00f3mez tr\u00edo<\/em>, conformado por Daniel Gundin en Contrabajo, Santi Sbarbati en Bater\u00eda y Pablo G\u00f3mez en guitarra, docentes de la Escuela de Artes de la Universidad. Adem\u00e1s se podr\u00e1 visitar la exposici\u00f3n \u201cHumor gr\u00e1fico democracia y educaci\u00f3n\u201d que re\u00fane, en la Sala Rosa de los Vientos, una selecci\u00f3n de obras de su autor\u00eda.<\/p>\n\n\n\n<p class=\"wp-block-paragraph\">Daniel Paz es parte de una generaci\u00f3n de humoristas surgido en la d\u00e9cada del 70, con un compromiso social y cultural que comprende al humor como forma de expresi\u00f3n pol\u00edtica. Cuenta con una amplia trayectoria de participaci\u00f3n en medios como dibujante.<\/p>\n\n\n\n<p class=\"wp-block-paragraph\">La distinci\u00f3n tiene por objeto reconocer m\u00e9ritos y actuaciones sobresalientes de personas que hayan concretado un aporte relevante en el campo de la cultura, de los derechos humanos y de cualquier actividad que apoye el fomento de una sociedad democr\u00e1tica, solidaria e inclusiva.<\/p>\n\n\n\n<p class=\"wp-block-paragraph\">En las d\u00e9cadas del 70 y 80, ha publicado sus dise\u00f1os en las revistas: Juventud, Tal Cual, Humor y ediciones La Urraca. Sus publicaciones en la revista \u201cHumor\u201d, \u201cSexhumor\u201d, y \u201cSuperhumor\u201d desafiaban una mirada social en crisis a fines en la transici\u00f3n democr\u00e1tica en la Argentina.<\/p>\n\n\n\n<p class=\"wp-block-paragraph\">En 1985 fue convocado por Jacobo Timmerman para hacer una tira diaria en el entonces matutino La Raz\u00f3n. En 1987 comenz\u00f3 su colaboraci\u00f3n con el Diario \u201cP\u00e1gina\/12\u201d, una publicaci\u00f3n vanguardista para la \u00e9poca y de corte progresista en su l\u00ednea editorial. El diario no solo signific\u00f3 un nuevo medio en la argentina, sino tambi\u00e9n una nueva forma de contar en el periodismo en democracia.<\/p>\n\n\n\n<p class=\"wp-block-paragraph\">En 1992 empiez\u00f3 a publicar la tira \u201cF. M\u00e9rides Truchas\u201d, en la que pudo volcar su pasi\u00f3n los temas hist\u00f3ricos y de ficci\u00f3n. El mismo a\u00f1o se edit\u00f3 el libro \u201cChistes de argentinos\u201d de Ediciones de La Flor. En 1994 dio comienzo a su c\u00e9lebre serie \u201cOh, my God\u201d, inspirada en los textos b\u00edblicos.<\/p>\n\n\n\n<p class=\"wp-block-paragraph\">En 1998 puso humor en los quince vol\u00famenes de Una historia argentina, con relatos de Graciela Montes, publicado por Colihue. Desde 1999 es creador de las tiras \u201cAndy y Sidharta\u201d, \u201cZoociolog\u00eda\u201d y chistes sobre temas universitarios.<\/p>\n\n\n\n<p class=\"wp-block-paragraph\">A fines de la d\u00e9cada del 90 empez\u00f3 a incursionar en el humor digital inaugurando en 1999 el primer sitio de internet de humor argentino \u201cwww.danielpaz.com.ar\u201d donde se exhiben ilustraciones y animaciones creadas espec\u00edficamente para la web.<\/p>\n\n\n\n<p class=\"wp-block-paragraph\">Desde el 2001 colabora con el sitio de internet \u201cwww.elprincipe.com\u201d. Desde 2002 publica una vi\u00f1eta humor\u00edstica diaria en P\u00e1gina\/12 compiladas en la secci\u00f3n \u201cEl nudo infinito\u201d y con las ilustraciones desde el 2005 del suplemento Futuro.<\/p>\n\n\n\n<p class=\"wp-block-paragraph\">Colabor\u00f3 con los guiones televisivos de \u201cTato Bores\u201d (1990-1992) y del programa \u201cCanal K\u201d (1991). Adem\u00e1s, internacionalmente colabora con revistas de Chile, M\u00e9xico y EEUU.&nbsp;<\/p>\n\n\n\n<p class=\"wp-block-paragraph\">En 2002 junto a Rudy fueron distinguidos con el \u201cPremio Konex\u201d; en 2003 su CD de las \u201cF. M\u00e9rides Truchas\u201d gan\u00f3 el primer premio del \u201cConcurso de dise\u00f1o interactivo Buenos Aires 2003\u201d en la categor\u00eda CD interactivo. En el mismo concurso, su animaci\u00f3n \u201cCuatro estaciones\u201d gan\u00f3 el segundo premio en la categor\u00eda animaci\u00f3n.<\/p>\n\n\n\n<p class=\"wp-block-paragraph\">En 2004, recibi\u00f3 el \u201cPremio Herald 2004\u201d; y en 2013 recibi\u00f3 el \u201cPremio UBA a la difusi\u00f3n de contenidos educativos\u201d, otorgado por la Universidad de Buenos Aires.<\/p>\n\n\n\n<p class=\"wp-block-paragraph\">Ha participado de proyectos multimedia, como el CD Historia Argentina &#8211; De la prehistoria a la actualidad publicado en 2002. Ha sido curador de varias muestras de humor gr\u00e1fico y en 2010 particip\u00f3 de la muestra \u201cNos toc\u00f3 hacer re\u00edr\u201d en la Feria de Frankfurt.<\/p>\n\n\n\n<p class=\"wp-block-paragraph\">Durante la pandemia fue el creador del \u201cDiario de la cuarentena\u201d en P\u00e1gina\/12. La educaci\u00f3n p\u00fablica ha sido uno de los temas centrales en su obra como la preocupaci\u00f3n por el vaciamiento de la ciencia durante el per\u00edodo 2015-2018.<\/p>\n\n\n\n<p class=\"wp-block-paragraph\">Su compromiso sostiene la tradici\u00f3n del humor gr\u00e1fico argentino potenciando otros modos de decir para una mayor conciencia social sobre temas que nos competen a todos\/as como sociedad.<\/p>\n","protected":false},"excerpt":{"rendered":"<p>La Universidad<\/p>\n","protected":false},"author":1,"featured_media":39574,"comment_status":"closed","ping_status":"closed","sticky":false,"template":"","format":"standard","meta":{"footnotes":""},"categories":[2],"tags":[],"class_list":["post-32206","post","type-post","status-publish","format-standard","has-post-thumbnail","hentry","category-quilmes"],"_links":{"self":[{"href":"https:\/\/panoramadelsur.com.ar\/index.php?rest_route=\/wp\/v2\/posts\/32206","targetHints":{"allow":["GET"]}}],"collection":[{"href":"https:\/\/panoramadelsur.com.ar\/index.php?rest_route=\/wp\/v2\/posts"}],"about":[{"href":"https:\/\/panoramadelsur.com.ar\/index.php?rest_route=\/wp\/v2\/types\/post"}],"author":[{"embeddable":true,"href":"https:\/\/panoramadelsur.com.ar\/index.php?rest_route=\/wp\/v2\/users\/1"}],"replies":[{"embeddable":true,"href":"https:\/\/panoramadelsur.com.ar\/index.php?rest_route=%2Fwp%2Fv2%2Fcomments&post=32206"}],"version-history":[{"count":1,"href":"https:\/\/panoramadelsur.com.ar\/index.php?rest_route=\/wp\/v2\/posts\/32206\/revisions"}],"predecessor-version":[{"id":32208,"href":"https:\/\/panoramadelsur.com.ar\/index.php?rest_route=\/wp\/v2\/posts\/32206\/revisions\/32208"}],"wp:featuredmedia":[{"embeddable":true,"href":"https:\/\/panoramadelsur.com.ar\/index.php?rest_route=\/wp\/v2\/media\/39574"}],"wp:attachment":[{"href":"https:\/\/panoramadelsur.com.ar\/index.php?rest_route=%2Fwp%2Fv2%2Fmedia&parent=32206"}],"wp:term":[{"taxonomy":"category","embeddable":true,"href":"https:\/\/panoramadelsur.com.ar\/index.php?rest_route=%2Fwp%2Fv2%2Fcategories&post=32206"},{"taxonomy":"post_tag","embeddable":true,"href":"https:\/\/panoramadelsur.com.ar\/index.php?rest_route=%2Fwp%2Fv2%2Ftags&post=32206"}],"curies":[{"name":"wp","href":"https:\/\/api.w.org\/{rel}","templated":true}]}}