{"id":32209,"date":"2022-11-03T07:12:50","date_gmt":"2022-11-03T10:12:50","guid":{"rendered":"https:\/\/panoramadelsur.com.ar\/?p=32209"},"modified":"2022-11-03T07:12:52","modified_gmt":"2022-11-03T10:12:52","slug":"condenados-a-prision-perpetua-por-el-crimen-a-golpes-de-un-joven-durante-una-fiesta-en-quilmes","status":"publish","type":"post","link":"https:\/\/panoramadelsur.com.ar\/?p=32209","title":{"rendered":"CONDENADOS A PRISI\u00d3N PERPETUA POR EL CRIMEN A GOLPES DE UN JOVEN DURANTE UNA FIESTA EN QUILMES"},"content":{"rendered":"\n<p class=\"wp-block-paragraph\">Tres hombres fueron condenados a prisi\u00f3n perpetua por el crimen de Pablo Daniel Monge, asesinado a golpes y cortes en la cabeza durante una fiesta a fines del 2016, en el partido bonaerense de Quilmes, informaron fuentes judiciales.<\/p>\n\n\n\n<p class=\"wp-block-paragraph\">El fallo del Tribunal Oral en lo Criminal (TOC) 5 quilme\u00f1o recay\u00f3 sobre Elvio Ricardo \u00abRicki\u00bb Cuellar (24), Esteban Javier Galarza (32) e Iv\u00e1n Patricio \u00abPulga\u00bb Esquivel (24), \u00e9ste \u00faltimo inmediatamente detenido dado que fue el \u00fanico en haber llegado en libertad al juicio, como coautores del delito de \u00abhomicidio calificado por el concurso de tres o m\u00e1s personas\u00bb.<\/p>\n\n\n\n<p class=\"wp-block-paragraph\">Fuentes judiciales informaron que los jueces Juan Mart\u00edn Mata, Gustavo Dar\u00edo Farina y Federico Facundo Merlini coincidieron con la fiscal Mariel Calvi\u00f1o respecto del m\u00e1ximo de la pena que hab\u00eda pedido en su alegato, aunque por otro agravante ya que ella asegur\u00f3 que hubo \u00abalevos\u00eda\u00bb.<\/p>\n\n\n\n<p class=\"wp-block-paragraph\">La representante del Ministerio P\u00fablico conjug\u00f3 para ello \u00abla superioridad num\u00e9rica y el aprovechamiento de la indefensi\u00f3n de la v\u00edctima\u00bb, mientras que la defensa sostuvo la inocencia de los tres acusados porque consider\u00f3 que el autor del hecho ya hab\u00eda sido condenado en otro juicio, realizado en el Fuero de la Responsabilidad Penal Juvenil ya que al momento del crimen ten\u00eda menos de 18 a\u00f1os.<\/p>\n\n\n\n<p class=\"wp-block-paragraph\">Y adem\u00e1s dijo que ese joven fue beneficiado en una segunda instancia con un cambio de car\u00e1tula de \u00abhomicidio agravado\u00bb a \u00abhomicidio simple\u00bb.<\/p>\n\n\n\n<p class=\"wp-block-paragraph\">En la sentencia del TOC 5 a la que T\u00e9lam tuvo acceso, el juez Mata dijo que el asesinato ocurri\u00f3 el 31 de diciembre de 2016, alrededor de las 3 de la madrugada, en la calle 889, entre 831 y 832, de la localidad San Francisco Solano de Quilmes.<\/p>\n\n\n\n<p class=\"wp-block-paragraph\">All\u00ed, los tres imputados junto al anterior condenado \u00abagredieron a Pablo Daniel Monge con clara intenci\u00f3n de provocarle la muerte, a trav\u00e9s de golpes, patadas, cortes en la cabeza y cuello aprovechando su estado de indefensi\u00f3n donde lo colocaron en virtud de las numerosas heridas recibidas, provoc\u00e1ndole la muerte como consecuencia de heridas por arma blanca o similar cortantes en la yugular\u00bb.<\/p>\n\n\n\n<p class=\"wp-block-paragraph\">En su voto al que adhirieron sus colegas, el magistrado valor\u00f3 distintos testimonios que confirmaron que durante una fiesta comenz\u00f3 una pelea entre la v\u00edctima y otro joven, tras lo cual un grupo de unas 20 personas comenzaron a arrojar piedras.<\/p>\n\n\n\n<p class=\"wp-block-paragraph\">Casi inmediatamente, Monge fue atacado a golpes de patadas y pu\u00f1os en la cabeza hasta que ya malherido recibi\u00f3 un botellazo que le provoc\u00f3 la muerte minutos despu\u00e9s.<\/p>\n\n\n\n<p class=\"wp-block-paragraph\">\u00abEstaba tirado en el piso, se agacha y lo apu\u00f1ala en el cuello; cuando veo que lo apu\u00f1ala quiero ir y nos hacen retroceder. Eran cuatro o cinco alrededor de mi hermano peg\u00e1ndole patadas\u00bb, declar\u00f3 un hermano de Monge.<\/p>\n\n\n\n<p class=\"wp-block-paragraph\">Mientras que otro testigo se\u00f1al\u00f3 el rol de cada uno de los ahora condenados en el ataque que sufri\u00f3 el joven asesinado con patadas, golpes y el propio botellazo con un envase de \u00abDr. Lemon\u00bb.<\/p>\n\n\n\n<p class=\"wp-block-paragraph\">De esta manera, los jueces establecieron que \u00abla v\u00edctima fue muerta luego de una terrible y dolorosa golpiza\u00bb de la que participaron Esquivel, Galarza y Cuellar.<\/p>\n\n\n\n<p class=\"wp-block-paragraph\">El informe de la autopsia determin\u00f3 que la muerte \u00abfue producida por mecanismo violento y a consecuencia final de un paro cardio-respiratorio traum\u00e1tico\u00bb.<\/p>\n\n\n\n<p class=\"wp-block-paragraph\">\u00abHerida contuso cortante producida por botella de vidrio rota o similar en regi\u00f3n cervical derecha, anfractuosa de 10 cent\u00edmetros, de longitud, seccionando car\u00f3tida y yugular. Excoriaciones m\u00faltiples en rostro (nariz, ambas mejillas y ambos p\u00f3mulos). Herida cortante en regi\u00f3n frontal por el mismo elemento. Herida cortante en nudillo de mano derecha, como signo de defensa\u00bb, indic\u00f3.<\/p>\n\n\n\n<p class=\"wp-block-paragraph\">Para el juez Mata, \u00abla tesis exculpatoria intentada se va a pique ante el menor de los an\u00e1lisis y no puede ser sostenida con entidad, resultando ser s\u00f3lo un vano intento de colocarse en favorable terreno procesal con resultado magro por cierto\u00bb, debido a que \u00abtampoco quedan dudas\u00bb de la participaci\u00f3n de los acusados.<\/p>\n\n\n\n<p class=\"wp-block-paragraph\">Por \u00faltimo, el Tribunal indic\u00f3 que \u00abla ventaja no conduce a la alevos\u00eda, sino que es una forma del homicidio simple\u00bb, aunque aclar\u00f3 que este hecho fue una \u00absalvaje actuaci\u00f3n de varios agresores, entre los que revest\u00edan Cuellar, Esquivel y Galarza, todos ellos, desplegando conductas que se elevan muy por encima del riesgo permitido\u00bb, por lo que qued\u00f3 \u00abacreditada la convergencia intencional o concurso premeditado que culmin\u00f3 con el tan\u00e1tico resultado ya conocido\u00bb. <\/p>\n","protected":false},"excerpt":{"rendered":"<p>Tres hombres<\/p>\n","protected":false},"author":1,"featured_media":39574,"comment_status":"closed","ping_status":"closed","sticky":false,"template":"","format":"standard","meta":{"footnotes":""},"categories":[2],"tags":[17],"class_list":["post-32209","post","type-post","status-publish","format-standard","has-post-thumbnail","hentry","category-quilmes","tag-quilmes"],"_links":{"self":[{"href":"https:\/\/panoramadelsur.com.ar\/index.php?rest_route=\/wp\/v2\/posts\/32209","targetHints":{"allow":["GET"]}}],"collection":[{"href":"https:\/\/panoramadelsur.com.ar\/index.php?rest_route=\/wp\/v2\/posts"}],"about":[{"href":"https:\/\/panoramadelsur.com.ar\/index.php?rest_route=\/wp\/v2\/types\/post"}],"author":[{"embeddable":true,"href":"https:\/\/panoramadelsur.com.ar\/index.php?rest_route=\/wp\/v2\/users\/1"}],"replies":[{"embeddable":true,"href":"https:\/\/panoramadelsur.com.ar\/index.php?rest_route=%2Fwp%2Fv2%2Fcomments&post=32209"}],"version-history":[{"count":1,"href":"https:\/\/panoramadelsur.com.ar\/index.php?rest_route=\/wp\/v2\/posts\/32209\/revisions"}],"predecessor-version":[{"id":32210,"href":"https:\/\/panoramadelsur.com.ar\/index.php?rest_route=\/wp\/v2\/posts\/32209\/revisions\/32210"}],"wp:featuredmedia":[{"embeddable":true,"href":"https:\/\/panoramadelsur.com.ar\/index.php?rest_route=\/wp\/v2\/media\/39574"}],"wp:attachment":[{"href":"https:\/\/panoramadelsur.com.ar\/index.php?rest_route=%2Fwp%2Fv2%2Fmedia&parent=32209"}],"wp:term":[{"taxonomy":"category","embeddable":true,"href":"https:\/\/panoramadelsur.com.ar\/index.php?rest_route=%2Fwp%2Fv2%2Fcategories&post=32209"},{"taxonomy":"post_tag","embeddable":true,"href":"https:\/\/panoramadelsur.com.ar\/index.php?rest_route=%2Fwp%2Fv2%2Ftags&post=32209"}],"curies":[{"name":"wp","href":"https:\/\/api.w.org\/{rel}","templated":true}]}}