{"id":32211,"date":"2022-11-03T01:06:00","date_gmt":"2022-11-03T04:06:00","guid":{"rendered":"https:\/\/panoramadelsur.com.ar\/?p=32211"},"modified":"2022-11-03T07:58:32","modified_gmt":"2022-11-03T10:58:32","slug":"musimundo-inauguro-nuevo-local-en-solano","status":"publish","type":"post","link":"https:\/\/panoramadelsur.com.ar\/?p=32211","title":{"rendered":"MUSIMUNDO INAUGUR\u00d3 NUEVO LOCAL EN SOLANO"},"content":{"rendered":"\n<p class=\"wp-block-paragraph\">En el marco de un plan de crecimiento sostenido a nivel nacional, <strong>Musimundo<\/strong> sigue afianzando su presencia en distintos puntos del pa\u00eds -particularmente en la provincia de Buenos Aires-, y anunci\u00f3 la apertura de un <strong>nuevo local en San Francisco Solano, <\/strong>Quilmes, ubicado en la calle 895 N\u00b04426.<\/p>\n\n\n\n<p class=\"wp-block-paragraph\">En el acto inaugural realizado el lunes, estuvo presente la Intendenta de Quilmes, Mayra Mendoza, y ejecutivos de la marca, para juntos abrir oficialmente las puertas de la nueva sucursal. Con la puesta en marcha de esta tienda, se generan m\u00e1s de 10 puestos de trabajo, que permitir\u00e1n brindar a los clientes un asesoramiento personalizado en sus consultas para adquirir lo mejor de la tecnolog\u00eda y del entretenimiento.<\/p>\n\n\n\n<p class=\"wp-block-paragraph\">Como parte del compromiso de la marca de estar siempre cerca del consumidor, los clientes del nuevo local podr\u00e1n acceder a la m\u00e1s variada gama de productos, con la posibilidad de comprarlos hasta con 24 cuotas fijas con Cr\u00e9dito Musimundo, en productos seleccionados. Por supuesto, el plan Ahora 30 ya est\u00e1 funcionando en todas las sucursales del pa\u00eds, y la de Solano no ser\u00e1 la excepci\u00f3n, lo que les permitir\u00e1 a los vecinos adquirir las mejores ofertas a partir de esta financiaci\u00f3n en cuotas, con una tasa conveniente.<\/p>\n\n\n\n<p class=\"wp-block-paragraph\">Adem\u00e1s, los consumidores pueden acceder a toda la oferta de la marca en: <a href=\"http:\/\/www.musimundo.com\"><strong>www.musimundo.com<\/strong><\/a>, complementando la expansi\u00f3n de tiendas f\u00edsicas.<\/p>\n","protected":false},"excerpt":{"rendered":"<p>En el<\/p>\n","protected":false},"author":1,"featured_media":39574,"comment_status":"closed","ping_status":"closed","sticky":false,"template":"","format":"standard","meta":{"footnotes":""},"categories":[2],"tags":[524,17,256],"class_list":["post-32211","post","type-post","status-publish","format-standard","has-post-thumbnail","hentry","category-quilmes","tag-musimundo","tag-quilmes","tag-solano"],"_links":{"self":[{"href":"https:\/\/panoramadelsur.com.ar\/index.php?rest_route=\/wp\/v2\/posts\/32211","targetHints":{"allow":["GET"]}}],"collection":[{"href":"https:\/\/panoramadelsur.com.ar\/index.php?rest_route=\/wp\/v2\/posts"}],"about":[{"href":"https:\/\/panoramadelsur.com.ar\/index.php?rest_route=\/wp\/v2\/types\/post"}],"author":[{"embeddable":true,"href":"https:\/\/panoramadelsur.com.ar\/index.php?rest_route=\/wp\/v2\/users\/1"}],"replies":[{"embeddable":true,"href":"https:\/\/panoramadelsur.com.ar\/index.php?rest_route=%2Fwp%2Fv2%2Fcomments&post=32211"}],"version-history":[{"count":1,"href":"https:\/\/panoramadelsur.com.ar\/index.php?rest_route=\/wp\/v2\/posts\/32211\/revisions"}],"predecessor-version":[{"id":32213,"href":"https:\/\/panoramadelsur.com.ar\/index.php?rest_route=\/wp\/v2\/posts\/32211\/revisions\/32213"}],"wp:featuredmedia":[{"embeddable":true,"href":"https:\/\/panoramadelsur.com.ar\/index.php?rest_route=\/wp\/v2\/media\/39574"}],"wp:attachment":[{"href":"https:\/\/panoramadelsur.com.ar\/index.php?rest_route=%2Fwp%2Fv2%2Fmedia&parent=32211"}],"wp:term":[{"taxonomy":"category","embeddable":true,"href":"https:\/\/panoramadelsur.com.ar\/index.php?rest_route=%2Fwp%2Fv2%2Fcategories&post=32211"},{"taxonomy":"post_tag","embeddable":true,"href":"https:\/\/panoramadelsur.com.ar\/index.php?rest_route=%2Fwp%2Fv2%2Ftags&post=32211"}],"curies":[{"name":"wp","href":"https:\/\/api.w.org\/{rel}","templated":true}]}}