{"id":32219,"date":"2022-11-03T01:05:00","date_gmt":"2022-11-03T04:05:00","guid":{"rendered":"https:\/\/panoramadelsur.com.ar\/?p=32219"},"modified":"2022-11-03T08:15:02","modified_gmt":"2022-11-03T11:15:02","slug":"43o-aniversario-de-la-llegada-de-la-virgen-de-lujan-a-la-rotonda-de-pasco","status":"publish","type":"post","link":"https:\/\/panoramadelsur.com.ar\/?p=32219","title":{"rendered":"43\u00ba ANIVERSARIO DE LA LLEGADA DE LA VIRGEN DE LUJ\u00c1N A LA ROTONDA DE PASCO"},"content":{"rendered":"\n<p class=\"wp-block-paragraph\">El s\u00e1bado 29 de octubre se realiz\u00f3 la celebraci\u00f3n en recuerdo por el&nbsp;<strong>43\u00ba aniversario de la llegada de la Virgen de Luj\u00e1n a la Rotonda de Pasco<\/strong>&nbsp;-Bernal Oeste-, en 1979, con el lema&nbsp;<em>\u00abMadre, bajo tu manto caminamos por justicia, vida, pan y esperanza\u00bb<\/em>.<\/p>\n\n\n\n<p class=\"wp-block-paragraph\">A las 15.00 se realiz\u00f3 la caminata junto a la Virgen Mar\u00eda desde Av. Donado \u00c1lvarez y Av. Thomas Flores hasta la rotonda, y a las 17.00 se rez\u00f3 la Misa en la Rotonda de Pasco.<\/p>\n\n\n\n<p class=\"wp-block-paragraph\">El Padre Obispo Carlos Jos\u00e9 Tissera, quien pudo estar presente en el inicio de la procesi\u00f3n, comparti\u00f3 que&nbsp;<em>\u00abla Madre nos convoca con su ternura para hacernos sentir hermanos [&#8230;] Ella nos ayuda para dejarnos abrazar por el Esp\u00edritu de Dios (que) nos transforma en mujeres y hombres amados, enriquecidos por ese amor de Dios que nos fortalece, nos da luz y nos consuela para no bajar los brazos, para no dejarnos vencer por el mal, para unirnos como hermanos&#8230;\u00bb<\/em><\/p>\n","protected":false},"excerpt":{"rendered":"<p>El s\u00e1bado<\/p>\n","protected":false},"author":1,"featured_media":39574,"comment_status":"closed","ping_status":"closed","sticky":false,"template":"","format":"standard","meta":{"footnotes":""},"categories":[2],"tags":[60,17],"class_list":["post-32219","post","type-post","status-publish","format-standard","has-post-thumbnail","hentry","category-quilmes","tag-diocesis","tag-quilmes"],"_links":{"self":[{"href":"https:\/\/panoramadelsur.com.ar\/index.php?rest_route=\/wp\/v2\/posts\/32219","targetHints":{"allow":["GET"]}}],"collection":[{"href":"https:\/\/panoramadelsur.com.ar\/index.php?rest_route=\/wp\/v2\/posts"}],"about":[{"href":"https:\/\/panoramadelsur.com.ar\/index.php?rest_route=\/wp\/v2\/types\/post"}],"author":[{"embeddable":true,"href":"https:\/\/panoramadelsur.com.ar\/index.php?rest_route=\/wp\/v2\/users\/1"}],"replies":[{"embeddable":true,"href":"https:\/\/panoramadelsur.com.ar\/index.php?rest_route=%2Fwp%2Fv2%2Fcomments&post=32219"}],"version-history":[{"count":1,"href":"https:\/\/panoramadelsur.com.ar\/index.php?rest_route=\/wp\/v2\/posts\/32219\/revisions"}],"predecessor-version":[{"id":32221,"href":"https:\/\/panoramadelsur.com.ar\/index.php?rest_route=\/wp\/v2\/posts\/32219\/revisions\/32221"}],"wp:featuredmedia":[{"embeddable":true,"href":"https:\/\/panoramadelsur.com.ar\/index.php?rest_route=\/wp\/v2\/media\/39574"}],"wp:attachment":[{"href":"https:\/\/panoramadelsur.com.ar\/index.php?rest_route=%2Fwp%2Fv2%2Fmedia&parent=32219"}],"wp:term":[{"taxonomy":"category","embeddable":true,"href":"https:\/\/panoramadelsur.com.ar\/index.php?rest_route=%2Fwp%2Fv2%2Fcategories&post=32219"},{"taxonomy":"post_tag","embeddable":true,"href":"https:\/\/panoramadelsur.com.ar\/index.php?rest_route=%2Fwp%2Fv2%2Ftags&post=32219"}],"curies":[{"name":"wp","href":"https:\/\/api.w.org\/{rel}","templated":true}]}}