{"id":32225,"date":"2022-11-04T01:05:00","date_gmt":"2022-11-04T04:05:00","guid":{"rendered":"https:\/\/panoramadelsur.com.ar\/?p=32225"},"modified":"2022-11-04T00:01:29","modified_gmt":"2022-11-04T03:01:29","slug":"insaurralde-se-reunio-con-intendentes-de-siete-distritos-y-destaco-el-trabajo-articulado","status":"publish","type":"post","link":"https:\/\/panoramadelsur.com.ar\/?p=32225","title":{"rendered":"INSAURRALDE SE REUNI\u00d3 CON INTENDENTES DE SIETE DISTRITOS Y DESTAC\u00d3 EL TRABAJO ARTICULADO"},"content":{"rendered":"\n<p class=\"wp-block-paragraph\">El jefe de Gabinete de la provincia de Buenos Aires, Mart\u00edn Insaurralde, se reuni\u00f3 con intendentes de siete distritos bonaerenses y destac\u00f3 la articulaci\u00f3n entre los 135 municipios y el Gobierno provincial, se inform\u00f3 oficialmente.<\/p>\n\n\n\n<p class=\"wp-block-paragraph\">El funcionario provincial visit\u00f3 Monte, General Belgrano, Castelli, Dolores, La Costa, General Lavalle y Tordillo.<\/p>\n\n\n\n<p class=\"wp-block-paragraph\">En San Miguel del Monte, el jefe de Gabinete visit\u00f3 la planta de envasado y llenado de aerosoles para productos industriales, cosm\u00e9ticos y domisanitarios de la empresa de arte pirot\u00e9cnico Cienfuegos y la f\u00e1brica de galletitas dulces y alfajores Montemar, emplazadas en el Parque Industrial de ese distrito.<\/p>\n\n\n\n<p class=\"wp-block-paragraph\">En ese contexto, Insaurralde sostuvo que \u00abel desaf\u00edo que tenemos con cada uno de los sectores productivos y el gobierno de la Provincia es generar pol\u00edticas p\u00fablicas para que haya m\u00e1s inversiones e innovaci\u00f3n, condiciones necesarias para producir m\u00e1s, generar empleo y garantizar en conjunto un crecimiento sostenido\u00bb.<\/p>\n\n\n\n<p class=\"wp-block-paragraph\">El jefe de Gabinete bonaerense, luego, mantuvo un encuentro con referentes y militantes del Partido Justicialista y se desplaz\u00f3 al distrito de General Belgrano, donde recorri\u00f3 las obras de repavimentaci\u00f3n de la Ruta Provincial 29 que el gobierno bonaerense lleva adelante.<\/p>\n\n\n\n<p class=\"wp-block-paragraph\">\u00abObras de infraestructura de estas caracter\u00edsticas son el motor necesario que nuestro sector agr\u00edcola-ganadero necesita para seguir creciendo con inversiones y pol\u00edticas p\u00fablicas claras\u00bb, afirm\u00f3.<\/p>\n\n\n\n<p class=\"wp-block-paragraph\">Despu\u00e9s se reuni\u00f3 en la Casa del Partido Justicialista con el funcionario de la Jefatura de Gabinete Jorge \u00abPiru\u00bb Eijo, el presidente del Partido Justicialista, Emanuel Borthiry, el exintendente Ricardo Buiraz, el diputado provincial Jos\u00e9 Ignacio Rossi, concejales del Frente de Todos y referentes del distrito.<\/p>\n\n\n\n<p class=\"wp-block-paragraph\">En Castelli, en tanto, junto al intendente Francisco Echarren mantuvo un encuentro de trabajo y visit\u00f3 el Cine Municipal Avenida y puso en valor la articulaci\u00f3n y la colaboraci\u00f3n entre los 135 municipios y el Gobierno de la Provincia.<\/p>\n\n\n\n<p class=\"wp-block-paragraph\">En Dolores, por su parte, Insaurralde se reuni\u00f3 el presidente del Partido Justicialista local, Juan Pablo \u00abPatita\u00bb Garc\u00eda, y militantes, y recorri\u00f3 la Escuela Vial de Dolores, que ser\u00e1 inaugurada por el titular de Vialidad Provincial, Hern\u00e1n Y Zurieta.<\/p>\n\n\n\n<p class=\"wp-block-paragraph\">\u00abEsta nueva escuela es una de las ocho instituciones que existen en la provincia, y que en conjunto son fundamentales tanto para prevenir accidentes como para fomentar, garantizar y respetar la vida como m\u00e1xima premisa\u00bb, dijo Insaurralde en esa oportunidad.<\/p>\n\n\n\n<p class=\"wp-block-paragraph\">Luego, el jefe de Gabinete particip\u00f3 del acto de presentaci\u00f3n de las Colonias Municipales de Vacaciones del Partido de La Costa, junto al intendente Cristian Cardozo y el vicejefe de Gabinete Juan Pablo de Jes\u00fas.<\/p>\n\n\n\n<p class=\"wp-block-paragraph\">\u00abHay algo sumamente relevante en estas colonias, y es que son tambi\u00e9n una pol\u00edtica del cuidado de los chicos y de las familias\u00bb, expres\u00f3 el funcionario y dijo que \u00abpermitir\u00e1n el disfrute y la felicidad de los m\u00e1s chicos con un Estado que acompa\u00f1a y facilita a las y los adultos poder aprovechar al m\u00e1ximo el trabajo en la temporada alta\u00bb.<\/p>\n\n\n\n<p class=\"wp-block-paragraph\">En General Lavalle, en tanto, se reuni\u00f3 con militantes del Partido Justicialista, junto al exintendente Osvaldo Goicoechea y la presidenta del Partido, Eva Goicoechea.<\/p>\n\n\n\n<p class=\"wp-block-paragraph\">\u00abEncuentros con compa\u00f1eros y compa\u00f1eras como este confirman y redoblan nuestra premisa fundamental: militar y trabajar, cada por casa y barrio por barrio, para nutrir y fortalecer nuestra unidad\u00bb, destac\u00f3 Insaurralde.<\/p>\n\n\n\n<p class=\"wp-block-paragraph\">En la \u00faltima parte de su recorrida, Insaurralde visit\u00f3 Tordillo, donde fue recibido en el palacio municipal por el titular de la Autoridad del Agua de la Provincia, H\u00e9ctor Olivera, y el intendente interino Alfredo Far\u00edas, y recorrieron las 114 viviendas que est\u00e1n pr\u00f3ximas a entregarse en General Conesa gracias a la articulaci\u00f3n y compromiso del gobierno Nacional y la Provincia.<\/p>\n\n\n\n<p class=\"wp-block-paragraph\">En cada una de las visitas, el jefe de Gabinete estuvo acompa\u00f1ado por el presidente de la C\u00e1mara de Diputados de la provincia de Buenos Aires, Federico Oterm\u00edn, y funcionarios de su equipo de gobierno.<\/p>\n","protected":false},"excerpt":{"rendered":"<p>El jefe<\/p>\n","protected":false},"author":1,"featured_media":39574,"comment_status":"closed","ping_status":"closed","sticky":false,"template":"","format":"standard","meta":{"footnotes":""},"categories":[5],"tags":[28,27],"class_list":["post-32225","post","type-post","status-publish","format-standard","has-post-thumbnail","hentry","category-provincia","tag-gba","tag-provincia"],"_links":{"self":[{"href":"https:\/\/panoramadelsur.com.ar\/index.php?rest_route=\/wp\/v2\/posts\/32225","targetHints":{"allow":["GET"]}}],"collection":[{"href":"https:\/\/panoramadelsur.com.ar\/index.php?rest_route=\/wp\/v2\/posts"}],"about":[{"href":"https:\/\/panoramadelsur.com.ar\/index.php?rest_route=\/wp\/v2\/types\/post"}],"author":[{"embeddable":true,"href":"https:\/\/panoramadelsur.com.ar\/index.php?rest_route=\/wp\/v2\/users\/1"}],"replies":[{"embeddable":true,"href":"https:\/\/panoramadelsur.com.ar\/index.php?rest_route=%2Fwp%2Fv2%2Fcomments&post=32225"}],"version-history":[{"count":1,"href":"https:\/\/panoramadelsur.com.ar\/index.php?rest_route=\/wp\/v2\/posts\/32225\/revisions"}],"predecessor-version":[{"id":32227,"href":"https:\/\/panoramadelsur.com.ar\/index.php?rest_route=\/wp\/v2\/posts\/32225\/revisions\/32227"}],"wp:featuredmedia":[{"embeddable":true,"href":"https:\/\/panoramadelsur.com.ar\/index.php?rest_route=\/wp\/v2\/media\/39574"}],"wp:attachment":[{"href":"https:\/\/panoramadelsur.com.ar\/index.php?rest_route=%2Fwp%2Fv2%2Fmedia&parent=32225"}],"wp:term":[{"taxonomy":"category","embeddable":true,"href":"https:\/\/panoramadelsur.com.ar\/index.php?rest_route=%2Fwp%2Fv2%2Fcategories&post=32225"},{"taxonomy":"post_tag","embeddable":true,"href":"https:\/\/panoramadelsur.com.ar\/index.php?rest_route=%2Fwp%2Fv2%2Ftags&post=32225"}],"curies":[{"name":"wp","href":"https:\/\/api.w.org\/{rel}","templated":true}]}}