{"id":32228,"date":"2022-11-04T01:08:00","date_gmt":"2022-11-04T04:08:00","guid":{"rendered":"https:\/\/panoramadelsur.com.ar\/?p=32228"},"modified":"2022-11-04T00:15:22","modified_gmt":"2022-11-04T03:15:22","slug":"kicillof-destaco-articulacion-entre-niveles-de-gobierno-para-respuestas-efectivas-a-la-sociedad","status":"publish","type":"post","link":"https:\/\/panoramadelsur.com.ar\/?p=32228","title":{"rendered":"KICILLOF DESTAC\u00d3 \u00abARTICULACI\u00d3N ENTRE NIVELES DE GOBIERNO\u00bb PARA RESPUESTAS \u00abEFECTIVAS\u00bb A LA SOCIEDAD"},"content":{"rendered":"\n<p class=\"wp-block-paragraph\">El gobernador de la provincia de Buenos Aires, Axel Kicillof, dijo que para dar \u00abrespuestas efectivas\u00bb a la sociedad, \u00abno tenemos que discutir\u00bb la autonom\u00eda municipal, sino la \u00abarticulaci\u00f3n entre los diferentes niveles de gobierno\u00bb, al hablar en la inauguraci\u00f3n de la Expo Congreso Ciudades para Vivir Bien, que fue encabezada por el presidente Alberto Fern\u00e1ndez en el predio de Tecn\u00f3polis.<\/p>\n\n\n\n<p class=\"wp-block-paragraph\">\u00abEl tema a debatir, a analizar, sobre el cual proponer y llevar adelante transformaciones tiene que ver con las atribuciones, con las jurisdicciones y obligaciones de cada uno de los niveles de Gobierno\u00bb, afirm\u00f3 el gobernador bonaerense y remarc\u00f3 que \u00abse discute a veces con el rimbombante t\u00edtulo extremo, a mi parecer, de las autonom\u00edas municipales. Hay pa\u00edses donde hay regiones, provincias, o estados subnacionales que buscan autonomizarse\u00bb.<\/p>\n\n\n\n<p class=\"wp-block-paragraph\">En ese sentido, dijo que \u00abalgunos creen que la discusi\u00f3n de autonom\u00eda tiene que ver con una suerte de independencia, esos casos extremos que comprenden a una regi\u00f3n o municipios como separables de su provincia o pa\u00eds\u00bb y \u00aben el otro extremo la discusi\u00f3n sobre las dimensiones de la provincia de Buenos Aires\u00bb.<\/p>\n\n\n\n<p class=\"wp-block-paragraph\">Kicillof afirm\u00f3, as\u00ed, que \u00abtenemos que discutir, no la autonom\u00eda, sino lo contrario, la articulaci\u00f3n entre los diferentes niveles de Gobierno, c\u00f3mo damos respuestas m\u00e1s eficaces, efectivas y directas a las demandas de la sociedad\u00bb.<\/p>\n\n\n\n<p class=\"wp-block-paragraph\">\u00abTenemos que trabajar de manera conjunta. Es una discusi\u00f3n superadora la articulaci\u00f3n de todas las funciones de Gobierno\u00bb, se\u00f1al\u00f3 el gobernador y remarc\u00f3 que \u00aben la provincia de Buenos Aires defendemos la soberan\u00eda argentina y, como lo hace el Gobierno nacional, la integraci\u00f3n global latinoamericana\u00bb.<\/p>\n\n\n\n<p class=\"wp-block-paragraph\">Asimismo, sostuvo que \u00abtampoco hay que dejarse llevar por falsas discusiones. Hemos escuchado que hay quienes encuentran que la provincia es demasiado grande o diversa\u00bb, y se\u00f1al\u00f3 que \u00abest\u00e1n en una punta los que intentan permanentemente decir que la provincia es inviable y en otro lugar quienes dicen que hay que separarla y dividirla en varias provincias\u00bb.<\/p>\n\n\n\n<p class=\"wp-block-paragraph\">El gobernador record\u00f3 que la provincia de Buenos Aires \u00abes la que menor presupuesto tiene por habitante de todo el pa\u00eds\u00bb y afirm\u00f3 que \u00abno es un enfrentamiento entre Naci\u00f3n y provincia entre provincias, es una cuesti\u00f3n de la discusi\u00f3n que se tiene que dar aqu\u00ed, cu\u00e1l es la forma de articulaci\u00f3n y la mejor forma de utilizar esos recursos\u00bb.<\/p>\n\n\n\n<p class=\"wp-block-paragraph\">\u00abEs imposible pensar que determinada jurisdicci\u00f3n tiene determinadas atribuciones o facultades y no tiene los presupuestos para llevarle adelante\u00bb, expres\u00f3 y manifest\u00f3 que \u00abla ciudad de Buenos Aires, sin intenci\u00f3n de polemizar, es un distrito de una jerarqu\u00eda bastante difusa\u00bb, porque \u00abpor un lado es un municipio, o tiene pretensiones de provincia, tiene una cantidad de recursos que supera much\u00edsimo la que tiene un municipio como La Matanza, con m\u00e1s superficie y poblaci\u00f3n cercana, y esto ocurre\u00bb.<\/p>\n\n\n\n<p class=\"wp-block-paragraph\">Kicillof afirm\u00f3 que \u00abcuando no est\u00e1 bien explicado ni procesado pol\u00edticamente, este tema de las atribuciones y el financiamiento, se arman grandes confusiones\u00bb.<\/p>\n\n\n\n<p class=\"wp-block-paragraph\">\u00abEs fundamental discutir cu\u00e1les son las atribuciones y obligaciones, y las responsabilidades de cada nivel de gobierno, y discutir el presupuesto con el que cuentan, as\u00ed como en pol\u00edtica los discursos y el marketing sin que figuren l\u00edneas de presupuesto en niveles de inversi\u00f3n es pura propaganda\u00bb, destac\u00f3.https:\/\/aa0bb19d87aa8d5de7f9e8a92b22b1b2.safeframe.googlesyndication.com\/safeframe\/1-0-39\/html\/container.html?n=0<\/p>\n\n\n\n<p class=\"wp-block-paragraph\">En esa l\u00ednea, remarc\u00f3 que \u00abes fundamental discutir cu\u00e1les son las funciones y atribuciones\u00bb y sostuvo que \u00abm\u00e1s relevante, actual y urgente no puede ser el tema de discusi\u00f3n que llevar\u00e1n adelante\u00bb.<\/p>\n\n\n\n<p class=\"wp-block-paragraph\">\u00abLa provincia de Buenos Aires no se podr\u00eda gobernar ni un d\u00eda, ni un minuto, ni una hora sin el trabajo de los intendentes. Ah\u00ed se resuelve el primer escal\u00f3n de acceso a las pol\u00edticas p\u00fablicas\u00bb, sostuvo.<\/p>\n\n\n\n<p class=\"wp-block-paragraph\">Explic\u00f3, asimismo, que \u00ablas necesidades de nuestro pueblo de la provincia de Buenos Aires, o de cualquier pa\u00eds, se expresa de manera local, la reciben y la conocen los intendentes y as\u00ed como reciben la demanda de pol\u00edticas p\u00fablicas ejecutan la respuesta\u00bb, y se\u00f1al\u00f3 que \u00abes a trav\u00e9s de los gobiernos municipales que se desarrollan y expresan las pol\u00edticas nacionales y provinciales\u00bb.<\/p>\n\n\n\n<p class=\"wp-block-paragraph\">\u00abSin los municipios la provincia tendr\u00eda cabeza y no cuerpo, no miembros, no nervios, no columna vertebral y una de las cuestiones que m\u00e1s ansiosamente espero recibir son las conclusiones que se saquen de este congreso\u00bb, expres\u00f3.<\/p>\n\n\n\n<p class=\"wp-block-paragraph\">Por su parte, el intendente de La Matanza y presidente de la Federaci\u00f3n Argentina de Municipios, Fernando Espinoza, asegur\u00f3 que \u00ablos intendentes somos la columna vertebral, el brazo ejecutor de las pol\u00edticas nacionales y provinciales\u00bb, y \u00abadem\u00e1s nos preocupamos por hacer crecer con bajos presupuestos a nuestras industrias\u00bb.<\/p>\n\n\n\n<p class=\"wp-block-paragraph\">\u00abLa era del conocimiento ya lleg\u00f3 y con la revoluci\u00f3n de la educaci\u00f3n, de la rob\u00f3tica y de las nuevas tecnolog\u00edas impulsaremos el crecimiento de esta nueva Argentina que venimos construyendo r\u00e1pidamente\u00bb, a\u00f1adi\u00f3 Espinoza.<\/p>\n\n\n\n<p class=\"wp-block-paragraph\">En otro tramo de su alocuci\u00f3n, asever\u00f3 que: \u00abYo les dir\u00eda a todos los l\u00edderes mundiales que lo que tienen que hacer es escuchar a los intendentes y no se van a equivocar\u00bb y manifest\u00f3 que el encuentro \u00absirve para ponernos al d\u00eda despu\u00e9s de tantos a\u00f1os, tiene que ver con pol\u00edticas p\u00fablicas de gobiernos locales que piensan en el presente pero tambi\u00e9n con el futuro\u00bb.<\/p>\n\n\n\n<p class=\"wp-block-paragraph\">\u00abEn poco tiempo generamos una impronta que debemos mostrar que somos el primer escal\u00f3n de la democracia, somos el puente de amor y de ejecuci\u00f3n con lo que deciden los gobiernos nacionales y provinciales\u00bb, se\u00f1al\u00f3 y destac\u00f3 que \u00abse genera inclusi\u00f3n, igualdad de derechos y todo tiene que ver con un despu\u00e9s, esto se logra a partir del gran presidente que fue N\u00e9stor (Kirchner) y de una gran vicepresidenta que es Cristina Fern\u00e1ndez de Kirchner, y tambi\u00e9n gracias a Alberto Fern\u00e1ndez que sigue este camino con un Gobierno nacional y popular que defiende la igualdad de oportunidades\u00bb. <\/p>\n","protected":false},"excerpt":{"rendered":"<p>El gobernador<\/p>\n","protected":false},"author":1,"featured_media":39574,"comment_status":"closed","ping_status":"closed","sticky":false,"template":"","format":"standard","meta":{"footnotes":""},"categories":[5],"tags":[28,27],"class_list":["post-32228","post","type-post","status-publish","format-standard","has-post-thumbnail","hentry","category-provincia","tag-gba","tag-provincia"],"_links":{"self":[{"href":"https:\/\/panoramadelsur.com.ar\/index.php?rest_route=\/wp\/v2\/posts\/32228","targetHints":{"allow":["GET"]}}],"collection":[{"href":"https:\/\/panoramadelsur.com.ar\/index.php?rest_route=\/wp\/v2\/posts"}],"about":[{"href":"https:\/\/panoramadelsur.com.ar\/index.php?rest_route=\/wp\/v2\/types\/post"}],"author":[{"embeddable":true,"href":"https:\/\/panoramadelsur.com.ar\/index.php?rest_route=\/wp\/v2\/users\/1"}],"replies":[{"embeddable":true,"href":"https:\/\/panoramadelsur.com.ar\/index.php?rest_route=%2Fwp%2Fv2%2Fcomments&post=32228"}],"version-history":[{"count":1,"href":"https:\/\/panoramadelsur.com.ar\/index.php?rest_route=\/wp\/v2\/posts\/32228\/revisions"}],"predecessor-version":[{"id":32230,"href":"https:\/\/panoramadelsur.com.ar\/index.php?rest_route=\/wp\/v2\/posts\/32228\/revisions\/32230"}],"wp:featuredmedia":[{"embeddable":true,"href":"https:\/\/panoramadelsur.com.ar\/index.php?rest_route=\/wp\/v2\/media\/39574"}],"wp:attachment":[{"href":"https:\/\/panoramadelsur.com.ar\/index.php?rest_route=%2Fwp%2Fv2%2Fmedia&parent=32228"}],"wp:term":[{"taxonomy":"category","embeddable":true,"href":"https:\/\/panoramadelsur.com.ar\/index.php?rest_route=%2Fwp%2Fv2%2Fcategories&post=32228"},{"taxonomy":"post_tag","embeddable":true,"href":"https:\/\/panoramadelsur.com.ar\/index.php?rest_route=%2Fwp%2Fv2%2Ftags&post=32228"}],"curies":[{"name":"wp","href":"https:\/\/api.w.org\/{rel}","templated":true}]}}