{"id":32232,"date":"2022-11-04T01:07:00","date_gmt":"2022-11-04T04:07:00","guid":{"rendered":"https:\/\/panoramadelsur.com.ar\/?p=32232"},"modified":"2022-11-04T00:24:40","modified_gmt":"2022-11-04T03:24:40","slug":"sileoni-dijo-que-el-presupuesto-contempla-un-salario-recuperado-y-garantizo-comienzo-de-clases","status":"publish","type":"post","link":"https:\/\/panoramadelsur.com.ar\/?p=32232","title":{"rendered":"SILEONI DIJO QUE EL PRESUPUESTO CONTEMPLA \u00abUN SALARIO RECUPERADO\u00bb Y GARANTIZ\u00d3 COMIENZO DE CLASES"},"content":{"rendered":"\n<p class=\"wp-block-paragraph\">El director general de Cultura y Educaci\u00f3n bonaerense, Alberto Sileoni, asegur\u00f3 que el presupuesto educativo para el 2023 implica un incremento del 11,3% en t\u00e9rminos reales respecto de 2022, y destac\u00f3 que contempla todos los rubros, entre ellos el salario, por lo que estim\u00f3 que las clases comenzar\u00e1n normalmente el a\u00f1o pr\u00f3ximo.<\/p>\n\n\n\n<p class=\"wp-block-paragraph\">\u00abEl presupuesto educativo para el 2023 es un presupuesto incrementado, que se va incrementando del 2020 en adelante, es un presupuesto que en t\u00e9rminos de millones de pesos de 2023, actualizado, es el 22 por ciento mayor que el de 2019, y el 11,3 por ciento mayor en relaci\u00f3n con el 2022, para llevar adelante las pol\u00edticas p\u00fablicas de la Provincia\u00bb, explic\u00f3 el titular del \u00e1rea educativa provincial.<\/p>\n\n\n\n<p class=\"wp-block-paragraph\">Sileoni dio precisiones sobre los \u00edtems relacionados al \u00e1rea incluidos en la denominada ley de leyes ante diputados y senadores de todos los bloques pol\u00edticos.<\/p>\n\n\n\n<p class=\"wp-block-paragraph\">En la propuesta, se contempla una inversi\u00f3n para Educaci\u00f3n de $ 1,827 billones, lo que implica un incremento del 11,3% en t\u00e9rminos reales respecto de 2022 y del 22,1% respecto de 2019.<\/p>\n\n\n\n<p class=\"wp-block-paragraph\">As\u00ed, se destinar\u00e1n para insumos, equipamientos e infraestructura un total de $ 105.146 millones (una suba del 49,7% respecto del a\u00f1o previo y del 49,2% comparado con 2019).<\/p>\n\n\n\n<p class=\"wp-block-paragraph\">Dentro del gasto no salarial, la inversi\u00f3n de capital alcanzar\u00e1 un r\u00e9cord hist\u00f3rico de $ 52.257 millones, lo que equivaldr\u00e1 a m\u00e1s del doble del gasto de capital acumulado en el \u00e1rea educativa entre 2016 y 2019.<\/p>\n\n\n\n<p class=\"wp-block-paragraph\">\u00abSi hacemos un corte 2019-2023, solo a obras y equipamiento es un 435 por ciento m\u00e1s alto que hace 4 a\u00f1os en t\u00e9rminos reales y es un presupuesto que trae 24 mil millones de pesos para infraestructura, una suma importante para equipamiento educativo, obras de construcci\u00f3n y ampliaci\u00f3n tecnol\u00f3gica educativa, fortalecimiento de jardines\u00bb, precis\u00f3.<\/p>\n\n\n\n<p class=\"wp-block-paragraph\">Destac\u00f3 que \u00abes un presupuesto que tiene, con respecto al a\u00f1o pasado, el 50 por ciento m\u00e1s de gastos no salariales, que es muy importante\u00bb.<\/p>\n\n\n\n<p class=\"wp-block-paragraph\">\u00abCreemos que vamos a terminar la gesti\u00f3n con m\u00e1s de 200 nuevos edificios educativos. Para el a\u00f1o que viene, con 900 obras de envergadura, 1300 obras medianas, estamos disponiendo de 4000 millones de pesos para consejos escolares\u00bb, puntualiz\u00f3.<\/p>\n\n\n\n<p class=\"wp-block-paragraph\">Sileoni precis\u00f3 que es un presupuesto que \u00abnos permite realizar todas las pol\u00edticas de discusi\u00f3n de la educaci\u00f3n bonaerense, de generar no s\u00f3lo nuevos edificios sino nuevas instituciones\u00bb y destac\u00f3 que se crearon 4 institutos superiores de formaci\u00f3n docente.<\/p>\n\n\n\n<p class=\"wp-block-paragraph\">\u00abEstamos discutiendo toda la educaci\u00f3n de la provincia y est\u00e1 reflejado en el presupuesto. Contempla la educaci\u00f3n privada de la provincia, que tiene alrededor de 6 mil instituciones\u00bb, destac\u00f3.<\/p>\n\n\n\n<p class=\"wp-block-paragraph\">Sileoni remarc\u00f3 que \u00abes un presupuesto que contempla todos los rubros, entre ellos el rubro salario. Hemos aumentado el salario 2022 y seguramente empezaremos normalmente las clases en el 2023 con un salario recuperado\u00bb.<\/p>\n\n\n\n<p class=\"wp-block-paragraph\">\u00abEste a\u00f1o, la inversi\u00f3n de capital de Cultura y Educaci\u00f3n alcanzar\u00e1 m\u00e1s de $ 20.000 millones, lo que equivale en t\u00e9rminos reales a 2.300% m\u00e1s que lo ejecutado en 2019\u00bb, se subray\u00f3 en el proyecto.<\/p>\n\n\n\n<p class=\"wp-block-paragraph\">All\u00ed tambi\u00e9n se especific\u00f3 que se continuar\u00e1 el programa de infraestructura \u00abEscuelas a la Obra\u00bb, que ya lleva ejecutada una inversi\u00f3n de $ 50.000 millones en todo el territorio.<\/p>\n\n\n\n<p class=\"wp-block-paragraph\">En ese sentido, se record\u00f3 que ya se finalizaron 4.900 obras de refacci\u00f3n y ampliaci\u00f3n de edificios escolares, reparaci\u00f3n de cubiertas y readecuaci\u00f3n de instalaciones sanitarias, de gas y el\u00e9ctricas.<\/p>\n\n\n\n<p class=\"wp-block-paragraph\">En paralelo, se plante\u00f3 que el a\u00f1o pr\u00f3ximo se construir\u00e1n y ampliar\u00e1n espacios para garantizar la educaci\u00f3n inicial; se a\u00f1adi\u00f3 que se intensificar\u00e1n acciones para fortalecer la alfabetizaci\u00f3n en la primaria y mejorar los aprendizajes, niveles de promoci\u00f3n y egreso en secundaria.<\/p>\n\n\n\n<p class=\"wp-block-paragraph\">Se pretende, adem\u00e1s, avanzar en el mapa de ofertas de educaci\u00f3n superior en base a las caracter\u00edsticas productivas de cada regi\u00f3n; universalizar la conectividad escolar y el acceso a la tecnolog\u00eda educativa; profundizar la ense\u00f1anza de Educaci\u00f3n Sexual Integral (ESI); y fortalecer consejos escolares, jefaturas de inspecci\u00f3n regionales y distritales.<\/p>\n\n\n\n<p class=\"wp-block-paragraph\">Se prev\u00e9 tambi\u00e9n la entrega de 2 millones de libros para fortalecer la lectura.<\/p>\n","protected":false},"excerpt":{"rendered":"<p>El director<\/p>\n","protected":false},"author":1,"featured_media":39574,"comment_status":"closed","ping_status":"closed","sticky":false,"template":"","format":"standard","meta":{"footnotes":""},"categories":[5],"tags":[28,27],"class_list":["post-32232","post","type-post","status-publish","format-standard","has-post-thumbnail","hentry","category-provincia","tag-gba","tag-provincia"],"_links":{"self":[{"href":"https:\/\/panoramadelsur.com.ar\/index.php?rest_route=\/wp\/v2\/posts\/32232","targetHints":{"allow":["GET"]}}],"collection":[{"href":"https:\/\/panoramadelsur.com.ar\/index.php?rest_route=\/wp\/v2\/posts"}],"about":[{"href":"https:\/\/panoramadelsur.com.ar\/index.php?rest_route=\/wp\/v2\/types\/post"}],"author":[{"embeddable":true,"href":"https:\/\/panoramadelsur.com.ar\/index.php?rest_route=\/wp\/v2\/users\/1"}],"replies":[{"embeddable":true,"href":"https:\/\/panoramadelsur.com.ar\/index.php?rest_route=%2Fwp%2Fv2%2Fcomments&post=32232"}],"version-history":[{"count":1,"href":"https:\/\/panoramadelsur.com.ar\/index.php?rest_route=\/wp\/v2\/posts\/32232\/revisions"}],"predecessor-version":[{"id":32233,"href":"https:\/\/panoramadelsur.com.ar\/index.php?rest_route=\/wp\/v2\/posts\/32232\/revisions\/32233"}],"wp:featuredmedia":[{"embeddable":true,"href":"https:\/\/panoramadelsur.com.ar\/index.php?rest_route=\/wp\/v2\/media\/39574"}],"wp:attachment":[{"href":"https:\/\/panoramadelsur.com.ar\/index.php?rest_route=%2Fwp%2Fv2%2Fmedia&parent=32232"}],"wp:term":[{"taxonomy":"category","embeddable":true,"href":"https:\/\/panoramadelsur.com.ar\/index.php?rest_route=%2Fwp%2Fv2%2Fcategories&post=32232"},{"taxonomy":"post_tag","embeddable":true,"href":"https:\/\/panoramadelsur.com.ar\/index.php?rest_route=%2Fwp%2Fv2%2Ftags&post=32232"}],"curies":[{"name":"wp","href":"https:\/\/api.w.org\/{rel}","templated":true}]}}