{"id":32237,"date":"2022-11-04T01:02:00","date_gmt":"2022-11-04T04:02:00","guid":{"rendered":"https:\/\/panoramadelsur.com.ar\/?p=32237"},"modified":"2022-11-04T07:44:53","modified_gmt":"2022-11-04T10:44:53","slug":"ya-llega-la-gran-fiesta-de-berazategui","status":"publish","type":"post","link":"https:\/\/panoramadelsur.com.ar\/?p=32237","title":{"rendered":"<a><strong>YA LLEGA LA GRAN FIESTA DE BERAZATEGUI<\/strong><\/a>"},"content":{"rendered":"\n<p class=\"wp-block-paragraph\"><strong>Berazategui festejar\u00e1 este viernes 4 de noviembre, el 62\u00ba aniversario de su autonom\u00eda. La tradicional celebraci\u00f3n se realizar\u00e1 a partir de las 17.00, en la Plaza San Mart\u00edn (Av. Mitre e\/ 6 y 7), con los shows de cierre de Los Charros y El Polaco (a partir de las 21.00).<\/strong><\/p>\n\n\n\n<p class=\"wp-block-paragraph\">El evento se desarrollar\u00e1 dentro del 31\u00ba Encuentro Ciudadano de la Autonom\u00eda. Sin dudas, una cita ineludible para compartir junto a familiares y amigos, que incluir\u00e1 un patio gastron\u00f3mico, actividades recreativas y distintas atracciones imperdibles.<\/p>\n\n\n\n<p class=\"wp-block-paragraph\">Asimismo, con el objetivo de que las y los vecinos puedan disfrutar del evento en forma tranquila y organizada, hasta el s\u00e1bado 5\/11 -a las 12.00- se desviar\u00e1 el tr\u00e1nsito en las siguientes intersecciones:<\/p>\n\n\n\n<p class=\"wp-block-paragraph\">-Calle 6 e\/ 147 y 150.<\/p>\n\n\n\n<p class=\"wp-block-paragraph\">-Av. 7 e\/ 147 y 150.<\/p>\n\n\n\n<p class=\"wp-block-paragraph\">-Calle 148 e\/ 5 y 8.<\/p>\n\n\n\n<p class=\"wp-block-paragraph\">-Calle 149 e\/ 5 y 8.<\/p>\n\n\n\n<p class=\"wp-block-paragraph\">-Av. Mitre e\/ 5 y 7 A (ambas manos).<\/p>\n\n\n\n<p class=\"wp-block-paragraph\">Quienes quieran circular por la Av. Mitre mano a Capital, pueden utilizar la calle 150 y retomar por la 5. En tanto, para ir mano a La Plata, el desv\u00edo es por calle 5, hacia 146 y retomando por 9.<\/p>\n","protected":false},"excerpt":{"rendered":"<p>Berazategui festejar\u00e1<\/p>\n","protected":false},"author":1,"featured_media":39574,"comment_status":"closed","ping_status":"closed","sticky":false,"template":"","format":"standard","meta":{"footnotes":""},"categories":[10,3],"tags":[40],"class_list":["post-32237","post","type-post","status-publish","format-standard","has-post-thumbnail","hentry","category-mas-noticias","category-regionales","tag-berazategui"],"_links":{"self":[{"href":"https:\/\/panoramadelsur.com.ar\/index.php?rest_route=\/wp\/v2\/posts\/32237","targetHints":{"allow":["GET"]}}],"collection":[{"href":"https:\/\/panoramadelsur.com.ar\/index.php?rest_route=\/wp\/v2\/posts"}],"about":[{"href":"https:\/\/panoramadelsur.com.ar\/index.php?rest_route=\/wp\/v2\/types\/post"}],"author":[{"embeddable":true,"href":"https:\/\/panoramadelsur.com.ar\/index.php?rest_route=\/wp\/v2\/users\/1"}],"replies":[{"embeddable":true,"href":"https:\/\/panoramadelsur.com.ar\/index.php?rest_route=%2Fwp%2Fv2%2Fcomments&post=32237"}],"version-history":[{"count":1,"href":"https:\/\/panoramadelsur.com.ar\/index.php?rest_route=\/wp\/v2\/posts\/32237\/revisions"}],"predecessor-version":[{"id":32239,"href":"https:\/\/panoramadelsur.com.ar\/index.php?rest_route=\/wp\/v2\/posts\/32237\/revisions\/32239"}],"wp:featuredmedia":[{"embeddable":true,"href":"https:\/\/panoramadelsur.com.ar\/index.php?rest_route=\/wp\/v2\/media\/39574"}],"wp:attachment":[{"href":"https:\/\/panoramadelsur.com.ar\/index.php?rest_route=%2Fwp%2Fv2%2Fmedia&parent=32237"}],"wp:term":[{"taxonomy":"category","embeddable":true,"href":"https:\/\/panoramadelsur.com.ar\/index.php?rest_route=%2Fwp%2Fv2%2Fcategories&post=32237"},{"taxonomy":"post_tag","embeddable":true,"href":"https:\/\/panoramadelsur.com.ar\/index.php?rest_route=%2Fwp%2Fv2%2Ftags&post=32237"}],"curies":[{"name":"wp","href":"https:\/\/api.w.org\/{rel}","templated":true}]}}