{"id":32240,"date":"2022-11-04T01:03:00","date_gmt":"2022-11-04T04:03:00","guid":{"rendered":"https:\/\/panoramadelsur.com.ar\/?p=32240"},"modified":"2022-11-04T07:50:01","modified_gmt":"2022-11-04T10:50:01","slug":"mayra-le-entrego-un-subsidio-de-casi-13-millones-de-pesos-al-cuartel-de-bomberos-voluntarios-de-quilmes","status":"publish","type":"post","link":"https:\/\/panoramadelsur.com.ar\/?p=32240","title":{"rendered":"<strong>MAYRA LE ENTREG\u00d3 UN SUBSIDIO DE CASI 13 MILLONES DE PESOS AL CUARTEL DE BOMBEROS VOLUNTARIOS DE QUILMES<\/strong>"},"content":{"rendered":"\n<p class=\"wp-block-paragraph\">La intendenta de Quilmes, Mayra Mendoza, salud\u00f3 a los integrantes del Cuartel Central de Bomberos Voluntarios de Quilmes, ubicado en Guido 87, por su 111\u00ba aniversario y, en apoyo a la instituci\u00f3n, les hizo entrega de un subsidio de $12.924.000.<\/p>\n\n\n\n<p class=\"wp-block-paragraph\">\u201cArrancamos el d\u00eda en el Cuartel de Bomberas y Bomberos Voluntarios de Quilmes para charlar con sus integrantes y entregarles un subsidio en el marco del 111\u00ba aniversario de este destacamento. Desde el Gobierno Municipal queremos agradecerles por el compromiso, la entrega y la solidaridad con la comunidad quilme\u00f1a\u201d, asegur\u00f3 Mayra, que tambi\u00e9n les obsequi\u00f3 una placa conmemorativa.<\/p>\n\n\n\n<p class=\"wp-block-paragraph\">Por su parte, Alejandro Pascual, presidente de la instituci\u00f3n, valor\u00f3 el acompa\u00f1amiento de las autoridades municipales y les agradeci\u00f3 por el reconocimiento a la labor que llevan adelante en la ciudad y expres\u00f3: \u201cTenemos un di\u00e1logo permanente con el Municipio. El subsidio que nos dan nos ayuda much\u00edsimo. Es para el mantenimiento operativo y administrativo de la instituci\u00f3n. Con el \u00faltimo subsidio que nos hab\u00edan entregado, pudimos comprar un cami\u00f3n 4&#215;4, que ser\u00e1 puesto en servicio en el destacamento de La Ribera. Y el d\u00eda que llegue, invitaremos a la Intendenta, porque la idea es que vea que la plata que nos dio para ese cami\u00f3n est\u00e1 concretada\u201d.<\/p>\n\n\n\n<p class=\"wp-block-paragraph\">Tambi\u00e9n estuvieron presentes en la actividad el subsecretario de Servicios P\u00fablicos y Defensa Civil del Municipio de Quilmes, Silvio Sarti, y el comandante mayor jefe del Cuartel de Bomberos de Quilmes, Emilio Restucci.<\/p>\n\n\n\n<p class=\"wp-block-paragraph\">El Cuartel Central de los Bomberos Voluntarios de Quilmes, fue fundado el 31 de octubre de 1911. Actualmente, cuenta con un plantel de 140 bomberos y tres destacamentos: el de La Ribera (Italia 505), el de Ezpeleta (Carbonari 639) y el de Quilmes Oeste (Berutti 2851).<\/p>\n","protected":false},"excerpt":{"rendered":"<p>La intendenta<\/p>\n","protected":false},"author":1,"featured_media":39574,"comment_status":"closed","ping_status":"closed","sticky":false,"template":"","format":"standard","meta":{"footnotes":""},"categories":[1,2],"tags":[],"class_list":["post-32240","post","type-post","status-publish","format-standard","has-post-thumbnail","hentry","category-destacados","category-quilmes"],"_links":{"self":[{"href":"https:\/\/panoramadelsur.com.ar\/index.php?rest_route=\/wp\/v2\/posts\/32240","targetHints":{"allow":["GET"]}}],"collection":[{"href":"https:\/\/panoramadelsur.com.ar\/index.php?rest_route=\/wp\/v2\/posts"}],"about":[{"href":"https:\/\/panoramadelsur.com.ar\/index.php?rest_route=\/wp\/v2\/types\/post"}],"author":[{"embeddable":true,"href":"https:\/\/panoramadelsur.com.ar\/index.php?rest_route=\/wp\/v2\/users\/1"}],"replies":[{"embeddable":true,"href":"https:\/\/panoramadelsur.com.ar\/index.php?rest_route=%2Fwp%2Fv2%2Fcomments&post=32240"}],"version-history":[{"count":1,"href":"https:\/\/panoramadelsur.com.ar\/index.php?rest_route=\/wp\/v2\/posts\/32240\/revisions"}],"predecessor-version":[{"id":32242,"href":"https:\/\/panoramadelsur.com.ar\/index.php?rest_route=\/wp\/v2\/posts\/32240\/revisions\/32242"}],"wp:featuredmedia":[{"embeddable":true,"href":"https:\/\/panoramadelsur.com.ar\/index.php?rest_route=\/wp\/v2\/media\/39574"}],"wp:attachment":[{"href":"https:\/\/panoramadelsur.com.ar\/index.php?rest_route=%2Fwp%2Fv2%2Fmedia&parent=32240"}],"wp:term":[{"taxonomy":"category","embeddable":true,"href":"https:\/\/panoramadelsur.com.ar\/index.php?rest_route=%2Fwp%2Fv2%2Fcategories&post=32240"},{"taxonomy":"post_tag","embeddable":true,"href":"https:\/\/panoramadelsur.com.ar\/index.php?rest_route=%2Fwp%2Fv2%2Ftags&post=32240"}],"curies":[{"name":"wp","href":"https:\/\/api.w.org\/{rel}","templated":true}]}}