{"id":32246,"date":"2022-11-04T07:58:58","date_gmt":"2022-11-04T10:58:58","guid":{"rendered":"https:\/\/panoramadelsur.com.ar\/?p=32246"},"modified":"2022-11-04T07:59:01","modified_gmt":"2022-11-04T10:59:01","slug":"el-presupuesto-2023-tiene-dictamen-y-lo-trataran-en-el-recinto-del-senado-en-dos-semanas","status":"publish","type":"post","link":"https:\/\/panoramadelsur.com.ar\/?p=32246","title":{"rendered":"EL PRESUPUESTO 2023 TIENE DICTAMEN Y LO TRATAR\u00c1N EN EL RECINTO DEL SENADO EN DOS SEMANAS"},"content":{"rendered":"\n<p class=\"wp-block-paragraph\">La Comisi\u00f3n de Presupuesto y Hacienda de la C\u00e1mara de Senadores emiti\u00f3 dictamen de mayor\u00eda al proyecto de Presupuesto 2023, que tiene como puntos centrales la previsi\u00f3n de un gasto global de casi $ 29 billones, un d\u00e9ficit fiscal de 1,9%, una pauta inflacionaria de 60% y que prev\u00e9 destinar el 70% de los recursos a rubros sociales.<\/p>\n\n\n\n<p class=\"wp-block-paragraph\">La iniciativa obtuvo el respaldo del interbloque oficialista del Frente de Todos&nbsp;y ser\u00e1 llevada al recinto dentro de dos semanas, se\u00f1alaron fuentes parlamentarias.<\/p>\n\n\n\n<p class=\"wp-block-paragraph\">La discusi\u00f3n en la C\u00e1mara alta se redujo a s\u00f3lo dos jornadas: el mi\u00e9rcoles se hicieron presentes funcionarios del Ministerio de Econom\u00eda para brindar precisiones sobre la iniciativa, y ayer jueves fue una puesta en com\u00fan para firmar el dictamen.<\/p>\n\n\n\n<p class=\"wp-block-paragraph\">El proyecto de Presupuesto 2023&nbsp;fue aprobado por la C\u00e1mara de Diputados la semana pasada, tras una extensa sesi\u00f3n&nbsp;en la que el oficialismo logr\u00f3 el apoyo de la oposici\u00f3n para poder sancionarlo.<\/p>\n\n\n\n<p class=\"wp-block-paragraph\">Por lo que resta su tratamiento en Senadores para que se convierta en ley.<\/p>\n","protected":false},"excerpt":{"rendered":"<p>La Comisi\u00f3n<\/p>\n","protected":false},"author":1,"featured_media":39574,"comment_status":"closed","ping_status":"closed","sticky":false,"template":"","format":"standard","meta":{"footnotes":""},"categories":[4],"tags":[],"class_list":["post-32246","post","type-post","status-publish","format-standard","has-post-thumbnail","hentry","category-nacionales"],"_links":{"self":[{"href":"https:\/\/panoramadelsur.com.ar\/index.php?rest_route=\/wp\/v2\/posts\/32246","targetHints":{"allow":["GET"]}}],"collection":[{"href":"https:\/\/panoramadelsur.com.ar\/index.php?rest_route=\/wp\/v2\/posts"}],"about":[{"href":"https:\/\/panoramadelsur.com.ar\/index.php?rest_route=\/wp\/v2\/types\/post"}],"author":[{"embeddable":true,"href":"https:\/\/panoramadelsur.com.ar\/index.php?rest_route=\/wp\/v2\/users\/1"}],"replies":[{"embeddable":true,"href":"https:\/\/panoramadelsur.com.ar\/index.php?rest_route=%2Fwp%2Fv2%2Fcomments&post=32246"}],"version-history":[{"count":1,"href":"https:\/\/panoramadelsur.com.ar\/index.php?rest_route=\/wp\/v2\/posts\/32246\/revisions"}],"predecessor-version":[{"id":32248,"href":"https:\/\/panoramadelsur.com.ar\/index.php?rest_route=\/wp\/v2\/posts\/32246\/revisions\/32248"}],"wp:featuredmedia":[{"embeddable":true,"href":"https:\/\/panoramadelsur.com.ar\/index.php?rest_route=\/wp\/v2\/media\/39574"}],"wp:attachment":[{"href":"https:\/\/panoramadelsur.com.ar\/index.php?rest_route=%2Fwp%2Fv2%2Fmedia&parent=32246"}],"wp:term":[{"taxonomy":"category","embeddable":true,"href":"https:\/\/panoramadelsur.com.ar\/index.php?rest_route=%2Fwp%2Fv2%2Fcategories&post=32246"},{"taxonomy":"post_tag","embeddable":true,"href":"https:\/\/panoramadelsur.com.ar\/index.php?rest_route=%2Fwp%2Fv2%2Ftags&post=32246"}],"curies":[{"name":"wp","href":"https:\/\/api.w.org\/{rel}","templated":true}]}}