{"id":32255,"date":"2022-11-04T01:07:00","date_gmt":"2022-11-04T04:07:00","guid":{"rendered":"https:\/\/panoramadelsur.com.ar\/?p=32255"},"modified":"2022-11-04T08:13:38","modified_gmt":"2022-11-04T11:13:38","slug":"estudiantes-de-la-ep-n-58-en-el-hcd-quilmeno","status":"publish","type":"post","link":"https:\/\/panoramadelsur.com.ar\/?p=32255","title":{"rendered":"<strong>ESTUDIANTES DE LA EP N\u00b0 58, EN EL HCD QUILME\u00d1O<\/strong>"},"content":{"rendered":"\n<p class=\"wp-block-paragraph\">Fabio B\u00e1ez, presidente del Honorable Concejo Deliberante local, recibi\u00f3 a los alumnos de 4\u00b0 grado de la EP N\u00b0 58 de Ezpeleta, que llegaron al recinto a trav\u00e9s del Programa \u201cEstudiantes al HCD\u201d y &nbsp;\u201cQuilmes&nbsp; conoce Quilmes\u201d, este \u00faltimo impulsado por la secretar\u00eda de Educaci\u00f3n del Municipio.<\/p>\n\n\n\n<p class=\"wp-block-paragraph\">El grupo altamente activo tuvo un gran desenvolvimiento a la hora de hablar sobre los temas que m\u00e1s les preocupan y que est\u00e1n vinculados a la inseguridad en las escuelas, por lo que solicitaron c\u00e1maras de seguridad para el establecimiento al que asisten, vandalizado d\u00edas atr\u00e1s por desconocidos, y que tuvo respuesta inmediata por parte del Municipio con la reposici\u00f3n de una computadora sustra\u00edda por los v\u00e1ndalos.<\/p>\n\n\n\n<p class=\"wp-block-paragraph\">En este nuevo encuentro con las y los estudiantes, tambi\u00e9n se abord\u00f3 el cuidado del medio ambiente y de los recursos naturales. Tema que debatieron con el titular del Cuerpo y la secretaria Legislativa Edith Llanos presente en el recinto.<\/p>\n\n\n\n<p class=\"wp-block-paragraph\">Acompa\u00f1aron al grupo Marilina Gonz\u00e1lez, maestra de grado; Eliana Strano, orientadora social y Alejandra Mecoli, orientadora educacional, quienes agradecieron el recibimiento y la atenci\u00f3n de las autoridades del Concejo Deliberante.<\/p>\n","protected":false},"excerpt":{"rendered":"<p>Fabio B\u00e1ez,<\/p>\n","protected":false},"author":1,"featured_media":39574,"comment_status":"closed","ping_status":"closed","sticky":false,"template":"","format":"standard","meta":{"footnotes":""},"categories":[2],"tags":[288,266,17],"class_list":["post-32255","post","type-post","status-publish","format-standard","has-post-thumbnail","hentry","category-quilmes","tag-concejo-deliberante","tag-hcd","tag-quilmes"],"_links":{"self":[{"href":"https:\/\/panoramadelsur.com.ar\/index.php?rest_route=\/wp\/v2\/posts\/32255","targetHints":{"allow":["GET"]}}],"collection":[{"href":"https:\/\/panoramadelsur.com.ar\/index.php?rest_route=\/wp\/v2\/posts"}],"about":[{"href":"https:\/\/panoramadelsur.com.ar\/index.php?rest_route=\/wp\/v2\/types\/post"}],"author":[{"embeddable":true,"href":"https:\/\/panoramadelsur.com.ar\/index.php?rest_route=\/wp\/v2\/users\/1"}],"replies":[{"embeddable":true,"href":"https:\/\/panoramadelsur.com.ar\/index.php?rest_route=%2Fwp%2Fv2%2Fcomments&post=32255"}],"version-history":[{"count":1,"href":"https:\/\/panoramadelsur.com.ar\/index.php?rest_route=\/wp\/v2\/posts\/32255\/revisions"}],"predecessor-version":[{"id":32257,"href":"https:\/\/panoramadelsur.com.ar\/index.php?rest_route=\/wp\/v2\/posts\/32255\/revisions\/32257"}],"wp:featuredmedia":[{"embeddable":true,"href":"https:\/\/panoramadelsur.com.ar\/index.php?rest_route=\/wp\/v2\/media\/39574"}],"wp:attachment":[{"href":"https:\/\/panoramadelsur.com.ar\/index.php?rest_route=%2Fwp%2Fv2%2Fmedia&parent=32255"}],"wp:term":[{"taxonomy":"category","embeddable":true,"href":"https:\/\/panoramadelsur.com.ar\/index.php?rest_route=%2Fwp%2Fv2%2Fcategories&post=32255"},{"taxonomy":"post_tag","embeddable":true,"href":"https:\/\/panoramadelsur.com.ar\/index.php?rest_route=%2Fwp%2Fv2%2Ftags&post=32255"}],"curies":[{"name":"wp","href":"https:\/\/api.w.org\/{rel}","templated":true}]}}