{"id":32258,"date":"2022-11-04T01:06:00","date_gmt":"2022-11-04T04:06:00","guid":{"rendered":"https:\/\/panoramadelsur.com.ar\/?p=32258"},"modified":"2022-11-04T08:37:35","modified_gmt":"2022-11-04T11:37:35","slug":"se-realizara-hoy-la-primera-feria-regional-de-turismo-de-cercania-en-la-unq","status":"publish","type":"post","link":"https:\/\/panoramadelsur.com.ar\/?p=32258","title":{"rendered":"SE REALIZAR\u00c1 HOY LA PRIMERA FERIA REGIONAL DE TURISMO DE CERCAN\u00cdA EN LA UNQ"},"content":{"rendered":"\n<p class=\"wp-block-paragraph\">El 4 de noviembre de 2022 se realizar\u00e1 en la Universidad Nacional de Quilmes la primera Feria Regional de Turismo de Cercan\u00eda &#8211; FERTUC 2022, con&nbsp;<em>entrada libre y gratuita<\/em><\/p>\n\n\n\n<p class=\"wp-block-paragraph\">Los municipios de Roque P\u00e9rez, Tapalqu\u00e9, Lobos, General Alvear, 25 de Mayo y Saladillo vienen a la Universidad para compartir todo su potencial tur\u00edstico. Habr\u00e1 expositores, productos regionales, degustaciones, sorteos, shows en vivo.<br><br>La Feria Regional de Turismo de Cercan\u00eda fue declarada de inter\u00e9s institucional por el Consejo Superior de la UNQ &#8211;\u00a0DECLARACI\u00d3N (CS) N\u00b0: 48\/22. Se realiza, como parte de las actividades del Proyecto de Extensi\u00f3n Universitaria \u201cPrograma de relevamiento y fomento al desarrollo econ\u00f3mico local en la Regi\u00f3n de Campos, r\u00edos y lagunas de la Provincia de Buenos Aires\u201d, en conjunto con los municipios de Roque P\u00e9rez, Tapalqu\u00e9, Lobos, General Alvear, 25 de Mayo y Saladillo, quienes han apostado a consolidarse como regi\u00f3n con vocaci\u00f3n tur\u00edstica.<br><br>Participar\u00e1n adem\u00e1s Intendentes y referentes de turismo, tanto de la Provincia de Buenos Aires como a nivel Nacional, y autoridades de los Municipios de Quilmes, Florencio Varela y Almirante Brown.<\/p>\n\n\n\n<p class=\"wp-block-paragraph\"><strong>::&nbsp;<\/strong>4 de noviembre, en la UNQ. Entrada libre y gratuita.<\/p>\n\n\n\n<p class=\"wp-block-paragraph\"><strong>PROGRAMA<\/strong><\/p>\n\n\n\n<p class=\"wp-block-paragraph\"><strong>9:30 horas | Recepci\u00f3n y bienvenida<\/strong><br><em>Sal\u00f3n Auditorio \u201cNicol\u00e1s Casullo\u201d &#8211; Universidad Nacional de Quilmes<\/em><br><br><strong>10 horas | Apertura<\/strong><br><em>Sal\u00f3n Auditorio \u201cNicol\u00e1s Casullo\u201d<\/em><br><br><strong>Palabras de bienvenida a cargo de las autoridades de la Universidad Nacional de Quilmes (UNQ):<\/strong>&nbsp;Alfredo Alfonso, rector UNQ, Alejandra Zinni, vicerrectora,&nbsp; Ra\u00fal Di Tomaso, secretario de Extensi\u00f3n Universitaria, Daniel Fihman, secretario General, Rodolfo Pastore, director del Departamento de Econom\u00eda y Administraci\u00f3n (DEyA), Sergio Paz, vicedirector del DEyA, Matias van Kemenade, director del Proyecto de Extensi\u00f3n \u201cCampos, r\u00edos y lagunas\u201d, Mara Galmarini, co-directora del proyecto.<br><br><strong>11 horas | Presentaci\u00f3n de la regi\u00f3n de \u201cCampos r\u00edos y lagunas\u201d<\/strong>.<br><em>Sal\u00f3n Auditorio \u201cNicol\u00e1s Casullo\u201d<\/em><br><br>A cargo de los directores y directoras de Turismo de los municipios participantes del Proyecto de Extensi\u00f3n: Daiana M\u00e1rquez, directora de Turismo y Patrimonio de Roque P\u00e9rez, Ernesto \u201cBeto\u201d Anido, director de Turismo de General Alvear, Lala Baciocco Brunet, directora de Turismo de Tapalqu\u00e9, y Sergio \u201cPasta\u201d Dioguardi, director de Turismo y Promoci\u00f3n Cultural de 25 de Mayo, y Tomas Chaime, subsecretario de Desarrollo Local de Saladillo.<br><br><strong>12 horas | Inauguraci\u00f3n de la primera Feria Regional de Turismo de Cercan\u00eda<\/strong><br><em>Calle principal de la Universidad Nacional de Quilmes<\/em><br><br>Detalle de participantes con stands de promoci\u00f3n, venta y degustaci\u00f3n:<br><br>&#8211; Lobos: Dulces y Conservas Apa, Panificados Quimey Quipan, Programa Municipal Hecho en Lobos, Alfajores Lobenses, artesanos.<br>&#8211; 25 de Mayo: Alfajores Huetel Mapu, Dulces y quesos, artesanos.<br>&#8211; Tapalqu\u00e9: dulces \u201cLas Moradas de Tapalqu\u00e9\u201d, quesos de la Cooperativa \u201cLas Totoras de Tapalqu\u00e9\u201d, alfajores \u201cLola\u201d, alfajores \u00abTapalqu\u00e9n, gastronomia \u201cGiuseppe\u201d, miel de la Cooperativa \u201cLos Colmenares\u201d, panader\u00edas locales con Tortas Negras, y artesan\u00edas Norma Ramos.<br>&#8211; &nbsp;Alvear: mermeladas Do\u00f1a Catalina, licores Abuela Kitty.<br>&#8211; Saladillo: mermeladas caseras \u201cAgame Sabores de Saladillo\u201d, cerveza artesanal \u201cLa Moya\u201d (cerveza tirada), alfajores artesanales \u201cManto\u201d, nuez pec\u00e1n \u201cPolvaredas\u201d.<br>&#8211; Roque P\u00e9rez: dulces \u201cNoem\u00ed\u201d (dulces caseros, alfajorcitos de maicena y pastelitos), miel artesanal, vermut artesanal \u201cColtri\u201d, chacinados, \u201cTerra Noa\u201d (terrarios plantas macetas), Tiendita de \u00d1acurutu.<br>&#8211; Prestadores de Servicios Tur\u00edsticos: Cooperativa de Turismo Puente Viejo (Tapalqu\u00e9), Rinc\u00f3n del Alma Ecoposada (Saladillo).<br>&#8211; Productores Cerveceros Independientes de Quilmes<br><br>ATENCI\u00d3N: Con tus compras recibir\u00e1s un n\u00famero para participar de los sorteos.<\/p>\n\n\n\n<p class=\"wp-block-paragraph\"><strong>De 15 a 20 horas | Charlas<\/strong><\/p>\n\n\n\n<p class=\"wp-block-paragraph\"><em>Rosa de los vientos<\/em><br><strong><em>Fiestas populares.<\/em>&nbsp;<\/strong>Fernanda Rodriguez, directora Nacional de Fiestas Nacionales y Eventos, del Ministerio de Turismo y Deportes de la Naci\u00f3n.<br><strong><em>Programa Municipal \u201cAnfitri\u00f3n Tur\u00edstico<\/em>\u201d.&nbsp;<\/strong>Ignacio Su\u00e1rez, director de Turismo de Lobos, y Marisol Pueyo.<br><strong><em>Tapalqu\u00e9: Desarrollo Tur\u00edstico Local<\/em>.<\/strong>&nbsp;Gustavo Cocconi, intendente del Municipio de Tapalqu\u00e9, Lala Baciocco, directora de Turismo de Tapalqu\u00e9.<br><strong><em>Turismo de cercan\u00eda. La experiencia de viajar por la Provincia de Buenos Aires<\/em>.&nbsp;<\/strong>Tomas Migoni de&nbsp;<strong><em>Pueblos a la mesa<\/em><\/strong>, Susana Gioacchini de&nbsp;<strong><em>Truenotour<\/em><\/strong>, Mariela Poggi de&nbsp;<strong><em>Pueblitos, y<\/em><\/strong>&nbsp;Guillermina Gomez Romero de&nbsp;<strong><em>Azul Gu\u00eda de Viajes.<\/em><\/strong><br><br><strong>De 15 a 20 horas Degustaciones y sorteos<\/strong><br><em>Calle principal de la Universidad Nacional de Quilmes<\/em><br><br><strong>Degustaciones:<\/strong>&nbsp;Los productores contar\u00e1n la historia de sus productos y realizar\u00e1n degustaciones gastron\u00f3micas para el p\u00fablico presente.<br><br><strong>Sorteos:<\/strong>&nbsp; Con tus compras recibir\u00e1s un n\u00famero para participar de los sorteos.<br><br><strong>De 15 a 21 horas Shows musicales<\/strong><br><em>Frente al Rectorado &#8211; Calle principal de la UNQ<\/em><br><br><strong><em>Ballet Municipal de Tango<\/em><\/strong>&nbsp;de Lobos<\/p>\n\n\n\n<p class=\"wp-block-paragraph\"><em><strong>Oscar Cacho Canullan y Los Apunados del Llano<\/strong>&nbsp;<\/em>de Roque P\u00e9rez<\/p>\n\n\n\n<p class=\"wp-block-paragraph\"><strong><em>Silvana Olmos y Humberto Pallero<\/em><\/strong>&nbsp;de Tapalqu\u00e9<\/p>\n\n\n\n<p class=\"wp-block-paragraph\"><strong><em>Gustavo Madeja<\/em><\/strong>&nbsp;de Saladillo.<br><br><strong>21 horas | CIERRE<\/strong><br><em>Calle principal de la Universidad Nacional de Quilmes<\/em><br><br>A cargo de Mat\u00edas van Kemenade, director del Proyecto de Extensi\u00f3n y el equipo de \u201cCampos, r\u00edos y lagunas\u201d. Invitaci\u00f3n a participar de una nueva edici\u00f3n.<\/p>\n\n\n\n<p class=\"wp-block-paragraph\"><strong>Organizan:<\/strong><\/p>\n\n\n\n<p class=\"wp-block-paragraph\">&#8211;&nbsp;Secretar\u00eda de Extensi\u00f3n Universitaria (UNQ).<br>&#8211; Proyecto de Extensi\u00f3n Universitaria \u201cPrograma de relevamiento y fomento al desarrollo econ\u00f3mico local en la Regi\u00f3n de Campos, r\u00edos y lagunas de la Provincia de Buenos Aires (UNQ).<br>&#8211; Departamento de Econom\u00eda y Administraci\u00f3n (UNQ).<br>&#8211; Municipios de Roque P\u00e9rez, Tapalqu\u00e9, Lobos, General Alvear, 25 de Mayo y Saladillo (desde sus \u00e1reas de Turismo).<\/p>\n","protected":false},"excerpt":{"rendered":"<p>El 4<\/p>\n","protected":false},"author":1,"featured_media":39574,"comment_status":"closed","ping_status":"closed","sticky":false,"template":"","format":"standard","meta":{"footnotes":""},"categories":[2],"tags":[17],"class_list":["post-32258","post","type-post","status-publish","format-standard","has-post-thumbnail","hentry","category-quilmes","tag-quilmes"],"_links":{"self":[{"href":"https:\/\/panoramadelsur.com.ar\/index.php?rest_route=\/wp\/v2\/posts\/32258","targetHints":{"allow":["GET"]}}],"collection":[{"href":"https:\/\/panoramadelsur.com.ar\/index.php?rest_route=\/wp\/v2\/posts"}],"about":[{"href":"https:\/\/panoramadelsur.com.ar\/index.php?rest_route=\/wp\/v2\/types\/post"}],"author":[{"embeddable":true,"href":"https:\/\/panoramadelsur.com.ar\/index.php?rest_route=\/wp\/v2\/users\/1"}],"replies":[{"embeddable":true,"href":"https:\/\/panoramadelsur.com.ar\/index.php?rest_route=%2Fwp%2Fv2%2Fcomments&post=32258"}],"version-history":[{"count":1,"href":"https:\/\/panoramadelsur.com.ar\/index.php?rest_route=\/wp\/v2\/posts\/32258\/revisions"}],"predecessor-version":[{"id":32260,"href":"https:\/\/panoramadelsur.com.ar\/index.php?rest_route=\/wp\/v2\/posts\/32258\/revisions\/32260"}],"wp:featuredmedia":[{"embeddable":true,"href":"https:\/\/panoramadelsur.com.ar\/index.php?rest_route=\/wp\/v2\/media\/39574"}],"wp:attachment":[{"href":"https:\/\/panoramadelsur.com.ar\/index.php?rest_route=%2Fwp%2Fv2%2Fmedia&parent=32258"}],"wp:term":[{"taxonomy":"category","embeddable":true,"href":"https:\/\/panoramadelsur.com.ar\/index.php?rest_route=%2Fwp%2Fv2%2Fcategories&post=32258"},{"taxonomy":"post_tag","embeddable":true,"href":"https:\/\/panoramadelsur.com.ar\/index.php?rest_route=%2Fwp%2Fv2%2Ftags&post=32258"}],"curies":[{"name":"wp","href":"https:\/\/api.w.org\/{rel}","templated":true}]}}