{"id":32261,"date":"2022-11-04T08:50:47","date_gmt":"2022-11-04T11:50:47","guid":{"rendered":"https:\/\/panoramadelsur.com.ar\/?p=32261"},"modified":"2022-11-04T08:50:50","modified_gmt":"2022-11-04T11:50:50","slug":"los-argentinos-coria-y-kicker-buscan-las-semifinales-en-el-challenger-ecuatoriano-de-guayaquil","status":"publish","type":"post","link":"https:\/\/panoramadelsur.com.ar\/?p=32261","title":{"rendered":"LOS ARGENTINOS CORIA Y KICKER BUSCAN LAS SEMIFINALES EN EL CHALLENGER ECUATORIANO DE GUAYAQUIL"},"content":{"rendered":"\n<p class=\"wp-block-paragraph\">El tenista argentino Federico Coria, m\u00e1ximo favorito al t\u00edtulo, enfrentar\u00e1 hoy al brasile\u00f1o Matheus Pucinelli de Almeida, mientras que su compatriota Nicol\u00e1s Kicker se medir\u00e1 con el peruano Juan Pablo Varillas, en partidos de los cuartos de final del Challenger de Guayaquil, en Ecuador.<\/p>\n\n\n\n<p class=\"wp-block-paragraph\">Coria, nacido en Rosario y ubicado en el puesto 71 del ranking mundial de la ATP, jugar\u00e1 no antes de las 14.30 ante Pucinelli de Almeida (214) por un lugar en las semifinales.<\/p>\n\n\n\n<p class=\"wp-block-paragraph\">En el caso de ganar, el rosarino de 30 a\u00f1os jugar\u00e1 este s\u00e1bado una de las semifinales ante Kicker (207) o Varillas (127), quienes abrir\u00e1n la jornada a las 13.<\/p>\n\n\n\n<p class=\"wp-block-paragraph\">Los cuartos de final se completar\u00e1n con dos partidos: Marco Cecchinato (Italia, 109) ante Jan Choinski (Gran Breta\u00f1a, 284) y Jesper De Jong (Pa\u00edses Bajos, 249) frente a Daniel Altmaier (Alemania, 91).<\/p>\n\n\n\n<p class=\"wp-block-paragraph\">El Challenger ecuatoriano, que se juega sobre superficie de polvo de ladrillo en el Guayaquil Tenis Club y repartir\u00e1 premios por 53.120 d\u00f3lares, tuvo a lo largo de su historia a tres campeones argentinos: Kicker en 2016, Guido Andreozzi en 2018 y Francisco Cer\u00fandolo en 2020.<\/p>\n\n\n\n<p class=\"wp-block-paragraph\">Los tenistas argentinos conquistaron este a\u00f1o 21 torneos de la categor\u00eda Challenger, la que le sigue en importancia a los ATP.<\/p>\n\n\n\n<p class=\"wp-block-paragraph\">Esos 21 t\u00edtulos le permitieron a la Argentina alcanzar un r\u00e9cord, ya que super\u00f3 su propia marca de 20 torneos Challengers ganados en 2007, 2016 y 2021, y la de los tenistas franceses en 2005. <\/p>\n","protected":false},"excerpt":{"rendered":"<p>El tenista<\/p>\n","protected":false},"author":1,"featured_media":39574,"comment_status":"closed","ping_status":"closed","sticky":false,"template":"","format":"standard","meta":{"footnotes":""},"categories":[6],"tags":[],"class_list":["post-32261","post","type-post","status-publish","format-standard","has-post-thumbnail","hentry","category-deportes"],"_links":{"self":[{"href":"https:\/\/panoramadelsur.com.ar\/index.php?rest_route=\/wp\/v2\/posts\/32261","targetHints":{"allow":["GET"]}}],"collection":[{"href":"https:\/\/panoramadelsur.com.ar\/index.php?rest_route=\/wp\/v2\/posts"}],"about":[{"href":"https:\/\/panoramadelsur.com.ar\/index.php?rest_route=\/wp\/v2\/types\/post"}],"author":[{"embeddable":true,"href":"https:\/\/panoramadelsur.com.ar\/index.php?rest_route=\/wp\/v2\/users\/1"}],"replies":[{"embeddable":true,"href":"https:\/\/panoramadelsur.com.ar\/index.php?rest_route=%2Fwp%2Fv2%2Fcomments&post=32261"}],"version-history":[{"count":1,"href":"https:\/\/panoramadelsur.com.ar\/index.php?rest_route=\/wp\/v2\/posts\/32261\/revisions"}],"predecessor-version":[{"id":32262,"href":"https:\/\/panoramadelsur.com.ar\/index.php?rest_route=\/wp\/v2\/posts\/32261\/revisions\/32262"}],"wp:featuredmedia":[{"embeddable":true,"href":"https:\/\/panoramadelsur.com.ar\/index.php?rest_route=\/wp\/v2\/media\/39574"}],"wp:attachment":[{"href":"https:\/\/panoramadelsur.com.ar\/index.php?rest_route=%2Fwp%2Fv2%2Fmedia&parent=32261"}],"wp:term":[{"taxonomy":"category","embeddable":true,"href":"https:\/\/panoramadelsur.com.ar\/index.php?rest_route=%2Fwp%2Fv2%2Fcategories&post=32261"},{"taxonomy":"post_tag","embeddable":true,"href":"https:\/\/panoramadelsur.com.ar\/index.php?rest_route=%2Fwp%2Fv2%2Ftags&post=32261"}],"curies":[{"name":"wp","href":"https:\/\/api.w.org\/{rel}","templated":true}]}}