{"id":32266,"date":"2022-11-04T13:21:15","date_gmt":"2022-11-04T16:21:15","guid":{"rendered":"https:\/\/panoramadelsur.com.ar\/?p=32266"},"modified":"2022-11-04T13:21:18","modified_gmt":"2022-11-04T16:21:18","slug":"cena-show-a-beneficio-de-los-bomberos-de-ezpeleta","status":"publish","type":"post","link":"https:\/\/panoramadelsur.com.ar\/?p=32266","title":{"rendered":"CENA SHOW A BENEFICIO DE LOS BOMBEROS DE EZPELETA"},"content":{"rendered":"\n<p class=\"wp-block-paragraph\">En el marco del 50\u00b0 aniversario del Destacamento de Ezpeleta, se llevar\u00e1 a cabo una cena show a beneficio de la instituci\u00f3n.<\/p>\n\n\n\n<p class=\"wp-block-paragraph\">La cita es el pr\u00f3ximo 12 de noviembre en la sede ubicada en Avenida Carbonari 639 de dicha localidad.<\/p>\n\n\n\n<p class=\"wp-block-paragraph\">Durante la velada, se presentar\u00e1n los cantantes solistas Mery Montt (Tango), Chela L\u00f3pez (Rom\u00e1ntico) y H\u00e9ctor G\u00f3mez (Folklore), como as\u00ed tambi\u00e9n las bandas \u201cFiesta Rock del pa\u00eds\u201d (Tributo a Los Redondos) y \u201cLa mezcla es cultura\u201d (Cumbia tropical).<\/p>\n\n\n\n<p class=\"wp-block-paragraph\">El valor de la entrada contribuci\u00f3n al evento es de 500 pesos. Vale se\u00f1alar que los menores de 10 a\u00f1os podr\u00e1n asistir de manera gratuita.<\/p>\n","protected":false},"excerpt":{"rendered":"<p>En el<\/p>\n","protected":false},"author":1,"featured_media":39574,"comment_status":"closed","ping_status":"closed","sticky":false,"template":"","format":"standard","meta":{"footnotes":""},"categories":[2],"tags":[],"class_list":["post-32266","post","type-post","status-publish","format-standard","has-post-thumbnail","hentry","category-quilmes"],"_links":{"self":[{"href":"https:\/\/panoramadelsur.com.ar\/index.php?rest_route=\/wp\/v2\/posts\/32266","targetHints":{"allow":["GET"]}}],"collection":[{"href":"https:\/\/panoramadelsur.com.ar\/index.php?rest_route=\/wp\/v2\/posts"}],"about":[{"href":"https:\/\/panoramadelsur.com.ar\/index.php?rest_route=\/wp\/v2\/types\/post"}],"author":[{"embeddable":true,"href":"https:\/\/panoramadelsur.com.ar\/index.php?rest_route=\/wp\/v2\/users\/1"}],"replies":[{"embeddable":true,"href":"https:\/\/panoramadelsur.com.ar\/index.php?rest_route=%2Fwp%2Fv2%2Fcomments&post=32266"}],"version-history":[{"count":1,"href":"https:\/\/panoramadelsur.com.ar\/index.php?rest_route=\/wp\/v2\/posts\/32266\/revisions"}],"predecessor-version":[{"id":32268,"href":"https:\/\/panoramadelsur.com.ar\/index.php?rest_route=\/wp\/v2\/posts\/32266\/revisions\/32268"}],"wp:featuredmedia":[{"embeddable":true,"href":"https:\/\/panoramadelsur.com.ar\/index.php?rest_route=\/wp\/v2\/media\/39574"}],"wp:attachment":[{"href":"https:\/\/panoramadelsur.com.ar\/index.php?rest_route=%2Fwp%2Fv2%2Fmedia&parent=32266"}],"wp:term":[{"taxonomy":"category","embeddable":true,"href":"https:\/\/panoramadelsur.com.ar\/index.php?rest_route=%2Fwp%2Fv2%2Fcategories&post=32266"},{"taxonomy":"post_tag","embeddable":true,"href":"https:\/\/panoramadelsur.com.ar\/index.php?rest_route=%2Fwp%2Fv2%2Ftags&post=32266"}],"curies":[{"name":"wp","href":"https:\/\/api.w.org\/{rel}","templated":true}]}}