{"id":32269,"date":"2022-11-05T17:52:20","date_gmt":"2022-11-05T20:52:20","guid":{"rendered":"https:\/\/panoramadelsur.com.ar\/?p=32269"},"modified":"2022-11-05T17:52:23","modified_gmt":"2022-11-05T20:52:23","slug":"el-obispo-tissera-participo-del-congreso-sobre-valores-de-la-asociacion-cristiana-de-jovenes","status":"publish","type":"post","link":"https:\/\/panoramadelsur.com.ar\/?p=32269","title":{"rendered":"EL OBISPO TISSERA PARTICIP\u00d3 DEL CONGRESO SOBRE VALORES DE LA ASOCIACI\u00d3N CRISTIANA DE J\u00d3VENES"},"content":{"rendered":"\n<p class=\"wp-block-paragraph\">El Padre Obispo Carlos Jos\u00e9 Tissera, Obispo de Quilmes y Presidente de C\u00e1ritas Argentina, particip\u00f3 el s\u00e1bado 29 de octubre del\u00a0<strong>XXI Congreso Internacional sobre Valores, Pensamiento Cr\u00edtico y Tejido Social<\/strong>\u00a0que se realiz\u00f3 por medios digitales y se transmiti\u00f3 por www.youtube.com\/c\/YMCABienestar del 27 a 29 de octubre, organizado por la Asociaci\u00f3n Cristiana de J\u00f3venes (YMCA, por sus siglas en Ingl\u00e9s).<br><br>Monse\u00f1or Tissera abord\u00f3 el tema\u00a0<em>\u00abEmpleabilidad y pobreza. Barreras para los sectores populares y colectivos vulnerables para priorizar la educaci\u00f3n ante la necesidad de trabajo\u00bb<\/em>, junto con Ramiro Macias Ortiz (Doctor en Pedagog\u00eda, docente de la Universidad Aut\u00f3noma de M\u00e9xico y de la Universidad YMCA de M\u00e9xico) y Nuno Fraz\u00e3o (Mag\u00edster en Desarrollo y en Ingenier\u00eda Ambiental. Emprendedor, docente universitario y miembro de la YMCA de Portugal).\u00a0<br><br>Adem\u00e1s, entre los expositores estuvieron Agust\u00edn Salvia (especialista en reproducci\u00f3n social, trabajo y desigualdad. Director de investigaci\u00f3n del Observatorio de la Deuda Social Argentina, de la Pontificia Universidad Cat\u00f3lica Argentina), Daniel Pomerantz (director ejecutivo de la AMIA), Juan Simoes (secretario general de YMCA Europa), Daniel Arroyo (Diputado Nacional, ex ministro de Desarrollo Social de la Naci\u00f3n), Jaime Campos (presidente de AEA), Carlos Custer (dirigente sindical y exembajador ante la Santa Sede), Alberto Sileoni (director general de Cultura y Educaci\u00f3n PBA), Les Peters (director ejecutivo de la Community Development Branch de la YMCA de Long Beach, California), Federico Pugliese (docente, director de Entidades y Cultos del GCABA), Horario Bola\u00f1os (docente universitario, conferencista.), Horacio Aizicovich (Gerente de RRHH del Banco Credicoop) y Pedro Fueyo (Secretario general de YMCA Espa\u00f1a).\u00a0<br><br>En el Congreso tambi\u00e9n participaron Eduardo Rodr\u00edguez, (Secretario General de YMCA) Oscar Incarbone (Rector del Instituto Universitario YMCA), Juan Marcos Pueyrred\u00f3n (Fundaci\u00f3n La Naci\u00f3n), Carlos Sanvee (Secretario General de la Alianza Mundial de YMCAs), Jorge Macri (Ministro de Gobierno de la Ciudad Aut\u00f3noma de Buenos Aires), Eduardo Ibichian (Presidente de la instituci\u00f3n) y Axel Kiciloff (Gobernador de la Provincia de Buenos Aires).<\/p>\n","protected":false},"excerpt":{"rendered":"<p>El Padre<\/p>\n","protected":false},"author":1,"featured_media":39574,"comment_status":"closed","ping_status":"closed","sticky":false,"template":"","format":"standard","meta":{"footnotes":""},"categories":[2],"tags":[60,17],"class_list":["post-32269","post","type-post","status-publish","format-standard","has-post-thumbnail","hentry","category-quilmes","tag-diocesis","tag-quilmes"],"_links":{"self":[{"href":"https:\/\/panoramadelsur.com.ar\/index.php?rest_route=\/wp\/v2\/posts\/32269","targetHints":{"allow":["GET"]}}],"collection":[{"href":"https:\/\/panoramadelsur.com.ar\/index.php?rest_route=\/wp\/v2\/posts"}],"about":[{"href":"https:\/\/panoramadelsur.com.ar\/index.php?rest_route=\/wp\/v2\/types\/post"}],"author":[{"embeddable":true,"href":"https:\/\/panoramadelsur.com.ar\/index.php?rest_route=\/wp\/v2\/users\/1"}],"replies":[{"embeddable":true,"href":"https:\/\/panoramadelsur.com.ar\/index.php?rest_route=%2Fwp%2Fv2%2Fcomments&post=32269"}],"version-history":[{"count":1,"href":"https:\/\/panoramadelsur.com.ar\/index.php?rest_route=\/wp\/v2\/posts\/32269\/revisions"}],"predecessor-version":[{"id":32271,"href":"https:\/\/panoramadelsur.com.ar\/index.php?rest_route=\/wp\/v2\/posts\/32269\/revisions\/32271"}],"wp:featuredmedia":[{"embeddable":true,"href":"https:\/\/panoramadelsur.com.ar\/index.php?rest_route=\/wp\/v2\/media\/39574"}],"wp:attachment":[{"href":"https:\/\/panoramadelsur.com.ar\/index.php?rest_route=%2Fwp%2Fv2%2Fmedia&parent=32269"}],"wp:term":[{"taxonomy":"category","embeddable":true,"href":"https:\/\/panoramadelsur.com.ar\/index.php?rest_route=%2Fwp%2Fv2%2Fcategories&post=32269"},{"taxonomy":"post_tag","embeddable":true,"href":"https:\/\/panoramadelsur.com.ar\/index.php?rest_route=%2Fwp%2Fv2%2Ftags&post=32269"}],"curies":[{"name":"wp","href":"https:\/\/api.w.org\/{rel}","templated":true}]}}