{"id":32888,"date":"2022-11-22T01:05:00","date_gmt":"2022-11-22T04:05:00","guid":{"rendered":"https:\/\/panoramadelsur.com.ar\/?p=32888"},"modified":"2022-11-21T13:19:47","modified_gmt":"2022-11-21T16:19:47","slug":"la-cobertura-de-la-demanda-electrica-con-fuentes-limpias-fue-record-en-octubre","status":"publish","type":"post","link":"https:\/\/panoramadelsur.com.ar\/?p=32888","title":{"rendered":"LA COBERTURA DE LA DEMANDA EL\u00c9CTRICA CON FUENTES LIMPIAS FUE R\u00c9CORD EN OCTUBRE"},"content":{"rendered":"\n<p class=\"wp-block-paragraph\">El 17,8% de la demanda el\u00e9ctrica durante octubre se abasteci\u00f3 por fuentes de energ\u00edas renovables por un total de 1.822,4 GWh, lo que signific\u00f3 un nuevo crecimiento de la participaci\u00f3n en el sistema energ\u00e9tico nacional y constituy\u00f3 una nueva marca hist\u00f3rica.<\/p>\n\n\n\n<p class=\"wp-block-paragraph\">A su vez, adem\u00e1s del volumen de generaci\u00f3n mensual correspondiente, tambi\u00e9n se destacan los datos relacionados con el cubrimiento mensual de demanda el\u00e9ctrica, el r\u00e9cord instant\u00e1neo de abastecimiento y la participaci\u00f3n fotovoltaica, inform\u00f3 la Secretar\u00eda de Energ\u00eda.<\/p>\n\n\n\n<p class=\"wp-block-paragraph\">De acuerdo con los datos de CAMMESA, respecto a la composici\u00f3n desagregada de ese aporte en primer lugar se posiciona la energ\u00eda e\u00f3lica, con 1.296,7 GWh (71,1%), seguida por la energ\u00eda solar con 315,4 GWh (17,3%).<\/p>\n\n\n\n<p class=\"wp-block-paragraph\">En tanto que los peque\u00f1os aprovechamientos hidroel\u00e9ctricos contribuyeron con 105,5 GWh (5,78)) y las bioenerg\u00edas con 105 GWh (5,7%), de los cuales 70,6 GWh corresponden a biomasa y 34,4 GWh a biog\u00e1s.<\/p>\n\n\n\n<p class=\"wp-block-paragraph\">La cartera energ\u00e9tica tambi\u00e9n se\u00f1al\u00f3 que el componente solar-fotovoltaico obtuvo una marca hist\u00f3rica para su tecnolog\u00eda.<\/p>\n\n\n\n<p class=\"wp-block-paragraph\">El segundo r\u00e9cord correspondi\u00f3 a la cobertura de la demanda el\u00e9ctrica, con un porcentaje del 17,8 para el d\u00e9cimo mes del a\u00f1o.<\/p>\n\n\n\n<p class=\"wp-block-paragraph\">Un logro adicional fue alcanzar el r\u00e9cord instant\u00e1neo de abastecimiento de la demanda a partir de renovables.<\/p>\n\n\n\n<p class=\"wp-block-paragraph\">El 8 de octubre a las 09.15, el 31,33% de la demanda el\u00e9ctrica nacional fue provisto por energ\u00edas renovables, superando la marca del 3 de abril de este a\u00f1o (30,44% a las 14.35).<\/p>\n\n\n\n<p class=\"wp-block-paragraph\">\u201cEstos n\u00fameros ratifican que las renovables son ya una parte del sistema interconectado, con una presencia federal de las distintas provincias. Por eso vamos a seguir trabajando con ellas en busca de sumar la mayor presencia posible de este tipo de energ\u00edas\u201d expres\u00f3 el subsecretario de Energ\u00eda el\u00e9ctrica, Santiago Yanotti. <\/p>\n","protected":false},"excerpt":{"rendered":"<p>El 17,8%<\/p>\n","protected":false},"author":1,"featured_media":39574,"comment_status":"closed","ping_status":"closed","sticky":false,"template":"","format":"standard","meta":{"footnotes":""},"categories":[4],"tags":[],"class_list":["post-32888","post","type-post","status-publish","format-standard","has-post-thumbnail","hentry","category-nacionales"],"_links":{"self":[{"href":"https:\/\/panoramadelsur.com.ar\/index.php?rest_route=\/wp\/v2\/posts\/32888","targetHints":{"allow":["GET"]}}],"collection":[{"href":"https:\/\/panoramadelsur.com.ar\/index.php?rest_route=\/wp\/v2\/posts"}],"about":[{"href":"https:\/\/panoramadelsur.com.ar\/index.php?rest_route=\/wp\/v2\/types\/post"}],"author":[{"embeddable":true,"href":"https:\/\/panoramadelsur.com.ar\/index.php?rest_route=\/wp\/v2\/users\/1"}],"replies":[{"embeddable":true,"href":"https:\/\/panoramadelsur.com.ar\/index.php?rest_route=%2Fwp%2Fv2%2Fcomments&post=32888"}],"version-history":[{"count":1,"href":"https:\/\/panoramadelsur.com.ar\/index.php?rest_route=\/wp\/v2\/posts\/32888\/revisions"}],"predecessor-version":[{"id":32890,"href":"https:\/\/panoramadelsur.com.ar\/index.php?rest_route=\/wp\/v2\/posts\/32888\/revisions\/32890"}],"wp:featuredmedia":[{"embeddable":true,"href":"https:\/\/panoramadelsur.com.ar\/index.php?rest_route=\/wp\/v2\/media\/39574"}],"wp:attachment":[{"href":"https:\/\/panoramadelsur.com.ar\/index.php?rest_route=%2Fwp%2Fv2%2Fmedia&parent=32888"}],"wp:term":[{"taxonomy":"category","embeddable":true,"href":"https:\/\/panoramadelsur.com.ar\/index.php?rest_route=%2Fwp%2Fv2%2Fcategories&post=32888"},{"taxonomy":"post_tag","embeddable":true,"href":"https:\/\/panoramadelsur.com.ar\/index.php?rest_route=%2Fwp%2Fv2%2Ftags&post=32888"}],"curies":[{"name":"wp","href":"https:\/\/api.w.org\/{rel}","templated":true}]}}