{"id":32901,"date":"2022-11-22T01:06:00","date_gmt":"2022-11-22T04:06:00","guid":{"rendered":"https:\/\/panoramadelsur.com.ar\/?p=32901"},"modified":"2022-11-21T00:25:08","modified_gmt":"2022-11-21T03:25:08","slug":"para-alvarez-rodriguez-la-prioridad-es-la-gestion-mas-que-las-candidaturas","status":"publish","type":"post","link":"https:\/\/panoramadelsur.com.ar\/?p=32901","title":{"rendered":"PARA \u00c1LVAREZ RODR\u00cdGUEZ, \u00abLA PRIORIDAD ES LA GESTI\u00d3N M\u00c1S QUE LAS CANDIDATURAS\u00bb"},"content":{"rendered":"\n<p class=\"wp-block-paragraph\">La ministra de Gobierno de la provincia de Buenos Aires, Cristina \u00c1lvarez Rodr\u00edguez, consider\u00f3 que \u00abla prioridad es la gesti\u00f3n antes que las candidaturas\u00bb, al referirse al mensaje formulado por la vicepresidenta Cristina Fern\u00e1ndez de Kirchner en el acto por el D\u00eda de la Militancia que se realiz\u00f3 en el estadio Diego Maradona de La Plata.<\/p>\n\n\n\n<p class=\"wp-block-paragraph\">\u00abCristina lanz\u00f3 una interpelaci\u00f3n a todos los partidos pol\u00edticos, incluido el Justicialismo, ocup\u00e1ndose de los temas que preocupan a los argentinos: la seguridad y el salario. S\u00e9 que hay mucha ansiedad y que en Juntos por el Cambio (JxC) de lo \u00fanico que hablan es de postularse, pero nosotros tenemos la responsabilidad de gobernar. La prioridad es la gesti\u00f3n antes que las candidaturas\u00bb, se\u00f1al\u00f3 \u00c1lvarez Rodr\u00edguez en declaraciones a El Destape Radio.<\/p>\n\n\n\n<p class=\"wp-block-paragraph\">Consultada sobre el contenido que tuvieron las charlas que se desarrollaron durante la cena que mantuvieron al t\u00e9rmino del acto los funcionarios bonaerenses con la Vicepresidenta en la Casa de Gobierno de la provincia de Buenos Aires, la ministra reiter\u00f3 que se trataron principalmente temas vinculados a las obras que se llevan a cabo en el distrito .<\/p>\n\n\n\n<p class=\"wp-block-paragraph\">\u00abCon Axel (Kicillof) llevamos inauguradas 114 escuelas, hay 4 mil obras de refacciones, hay m\u00e1s de 120 centros de atenci\u00f3n primaria nuevos. Estuve en Moreno con la intendenta Mariel Fern\u00e1ndez reinaugurando un registro un civil en Cuartel Quinto que hab\u00eda cerrado (Mar\u00eda Eugenia) Vidal. Todos los d\u00edas nos encuentran comprometidos con la gesti\u00f3n\u00bb, remarc\u00f3.<\/p>\n\n\n\n<p class=\"wp-block-paragraph\">En tanto, destac\u00f3 que \u00abla cena posterior fue distendida y de agradecimiento a Cristina\u00bb y se\u00f1al\u00f3 que hablaron \u00abque se necesita construir una mesa del Frente de Todos (FdT) para resolver los problemas\u00bb.<\/p>\n\n\n\n<p class=\"wp-block-paragraph\">Sobre el planteo de seguridad que la vicepresidenta plante\u00f3 en el acto, la funcionaria dijo que \u00abCristina manifest\u00f3 lo que escucha lo que le cuentan sobre el tema los 135 intendentes\u00bb de la provincia, y sobre todo los jefes comunales del FdT.<\/p>\n\n\n\n<p class=\"wp-block-paragraph\">\u00abEl Gobierno hace un esfuerzo enorme en materia de seguridad con equipamiento y formaci\u00f3n. Los intendentes piden refuerzos de fuerzas de seguridad nacionales. En la provincia de Buenos Aires hay una inversi\u00f3n hist\u00f3rica en seguridad. Siempre ten\u00edamos refuerzo de Gendarmer\u00eda en el conurbano, incluso en algunos lugares de Prefectura\u00bb, subray\u00f3. <\/p>\n","protected":false},"excerpt":{"rendered":"<p>La ministra<\/p>\n","protected":false},"author":1,"featured_media":39574,"comment_status":"closed","ping_status":"closed","sticky":false,"template":"","format":"standard","meta":{"footnotes":""},"categories":[5],"tags":[],"class_list":["post-32901","post","type-post","status-publish","format-standard","has-post-thumbnail","hentry","category-provincia"],"_links":{"self":[{"href":"https:\/\/panoramadelsur.com.ar\/index.php?rest_route=\/wp\/v2\/posts\/32901","targetHints":{"allow":["GET"]}}],"collection":[{"href":"https:\/\/panoramadelsur.com.ar\/index.php?rest_route=\/wp\/v2\/posts"}],"about":[{"href":"https:\/\/panoramadelsur.com.ar\/index.php?rest_route=\/wp\/v2\/types\/post"}],"author":[{"embeddable":true,"href":"https:\/\/panoramadelsur.com.ar\/index.php?rest_route=\/wp\/v2\/users\/1"}],"replies":[{"embeddable":true,"href":"https:\/\/panoramadelsur.com.ar\/index.php?rest_route=%2Fwp%2Fv2%2Fcomments&post=32901"}],"version-history":[{"count":1,"href":"https:\/\/panoramadelsur.com.ar\/index.php?rest_route=\/wp\/v2\/posts\/32901\/revisions"}],"predecessor-version":[{"id":32903,"href":"https:\/\/panoramadelsur.com.ar\/index.php?rest_route=\/wp\/v2\/posts\/32901\/revisions\/32903"}],"wp:featuredmedia":[{"embeddable":true,"href":"https:\/\/panoramadelsur.com.ar\/index.php?rest_route=\/wp\/v2\/media\/39574"}],"wp:attachment":[{"href":"https:\/\/panoramadelsur.com.ar\/index.php?rest_route=%2Fwp%2Fv2%2Fmedia&parent=32901"}],"wp:term":[{"taxonomy":"category","embeddable":true,"href":"https:\/\/panoramadelsur.com.ar\/index.php?rest_route=%2Fwp%2Fv2%2Fcategories&post=32901"},{"taxonomy":"post_tag","embeddable":true,"href":"https:\/\/panoramadelsur.com.ar\/index.php?rest_route=%2Fwp%2Fv2%2Ftags&post=32901"}],"curies":[{"name":"wp","href":"https:\/\/api.w.org\/{rel}","templated":true}]}}