{"id":32923,"date":"2022-11-22T01:05:00","date_gmt":"2022-11-22T04:05:00","guid":{"rendered":"https:\/\/panoramadelsur.com.ar\/?p=32923"},"modified":"2022-11-21T00:24:27","modified_gmt":"2022-11-21T03:24:27","slug":"kicillof-defendio-la-innovacion-tecnologica-en-la-produccion-de-alimentos-en-la-provincia","status":"publish","type":"post","link":"https:\/\/panoramadelsur.com.ar\/?p=32923","title":{"rendered":"KICILLOF DEFENDI\u00d3 LA INNOVACI\u00d3N TECNOL\u00d3GICA EN LA PRODUCCI\u00d3N DE ALIMENTOS EN LA PROVINCIA"},"content":{"rendered":"\n<p class=\"wp-block-paragraph\">El gobernador bonaerense, Axel Kicillof, resalt\u00f3 la \u00abinnovaci\u00f3n tecnol\u00f3gica\u00bb que llevan adelante las chacras experimentales de la provincia, al inaugurar d\u00edas atr\u00e1s la sala de elaboraci\u00f3n de alimentos en la de Gorina, en La Plata.<\/p>\n\n\n\n<p class=\"wp-block-paragraph\">Tras recordar que al asumir \u00aberan 13 chacras experimentales abandonadas y hoy est\u00e1n produciendo innovaci\u00f3n tecnol\u00f3gica\u00bb, pidi\u00f3 no dejar que el neoliberalismo \u00abinstale en las cabezas\u00bb que \u00abdejemos de defender lo nuestro\u00bb ya que \u00abvamos a seguir peleando por una provincia integrada, con su identidad y orgullo bonaerense\u00bb.<\/p>\n\n\n\n<p class=\"wp-block-paragraph\">\u00abCreemos en la agricultura familiar porque uno puede producir y ver luego c\u00f3mo se distribuye pero producir a a trav\u00e9s de estas formas asociativas, de estas formas familiares de producci\u00f3n en peque\u00f1a escala, al mismo tiempo que produce ya est\u00e1 distribuyendo, nos ahorra un problema\u00bb, expres\u00f3.<\/p>\n\n\n\n<p class=\"wp-block-paragraph\">El mandatario bonaerense efectu\u00f3 estas declaraciones en un acto en la estaci\u00f3n experimental de Gorina, en el que estuvo acompa\u00f1ado por el ministro de Desarrollo Agrario provincial, Javier Rodr\u00edguez.<\/p>\n\n\n\n<p class=\"wp-block-paragraph\">\u00abQueremos trabajo, producci\u00f3n, consumo, estas son las formas productivas que aseguran un modelo m\u00e1s justo, pero vienen algunos como en las viejas \u00e9pocas a vendernos espejitos de colores, un fraude ideol\u00f3gico tras otro y nos vienen a hablar que el Estado es malo, que el Estado no sirve\u00bb, sostuvo.<\/p>\n\n\n\n<p class=\"wp-block-paragraph\">En su discurso, afirm\u00f3: \u00abLa fertilidad de nuestra tierra nos hace excepcionales; es uno de los pa\u00edses con un nivel de producci\u00f3n agropecuaria m\u00e1s alto del mundo, con fertilidad de la tierra y cuestiones clim\u00e1ticas tan favorables, pero no alcanza con tenerlas\u00bb.<\/p>\n\n\n\n<p class=\"wp-block-paragraph\">Por su parte, el ministro Rodr\u00edguez dijo que \u00abel Estado provincial no s\u00f3lo debe fomentar el desarrollo tecnol\u00f3gico aplicado a la producci\u00f3n, sino que adem\u00e1s debe generarlo\u00bb.<\/p>\n\n\n\n<p class=\"wp-block-paragraph\">\u00abPor eso, despu\u00e9s de muchos a\u00f1os de abandono de las gestiones anteriores, hemos recuperado y puesto de pie las Chacras Experimentales para trabajar de forma articulada con los y las productoras de cada regi\u00f3n y poder brindarles herramientas y soluciones a su labor cotidiana\u00bb, agreg\u00f3.<\/p>\n\n\n\n<p class=\"wp-block-paragraph\">Luego habl\u00f3 de producir semillas y manifest\u00f3 que \u00abnecesitamos crear soberan\u00eda tecnol\u00f3gica para no seguir importando semillas, plantines\u00bb porque \u00bb en la Argentina hay una enorme capacidad para desarrollar todo eso\u00bb.<\/p>\n\n\n\n<p class=\"wp-block-paragraph\">\u00abEsta sala de elaboraci\u00f3n tiene ese objetivo, permitir la industrializaci\u00f3n con distintos procedimientos que nos permitan envasar la producci\u00f3n en el momento que hay excedentes\u00bb, sostuvo y a\u00f1adi\u00f3 que que \u00abla industrializaci\u00f3n genera m\u00e1s trabajo, valor agregado y se brinda una soluci\u00f3n a este cord\u00f3n hort\u00edcola\u00bb de la regi\u00f3n..<\/p>\n\n\n\n<p class=\"wp-block-paragraph\">Seg\u00fan Rodr\u00edguez, \u00abla gesti\u00f3n anterior negaba la existencia de la agricultura familiar\u00bb tras lo cual asever\u00f3 que esta administraci\u00f3n logr\u00f3 impulsar la producci\u00f3n de alimentos.<\/p>\n\n\n\n<p class=\"wp-block-paragraph\">\u00abTenemos la mirada de que impulsar la agricultura familiar tiene que hacerse en forma estrat\u00e9gica e integral\u00bb, concluy\u00f3. <\/p>\n","protected":false},"excerpt":{"rendered":"<p>El gobernador<\/p>\n","protected":false},"author":1,"featured_media":39574,"comment_status":"closed","ping_status":"closed","sticky":false,"template":"","format":"standard","meta":{"footnotes":""},"categories":[5],"tags":[],"class_list":["post-32923","post","type-post","status-publish","format-standard","has-post-thumbnail","hentry","category-provincia"],"_links":{"self":[{"href":"https:\/\/panoramadelsur.com.ar\/index.php?rest_route=\/wp\/v2\/posts\/32923","targetHints":{"allow":["GET"]}}],"collection":[{"href":"https:\/\/panoramadelsur.com.ar\/index.php?rest_route=\/wp\/v2\/posts"}],"about":[{"href":"https:\/\/panoramadelsur.com.ar\/index.php?rest_route=\/wp\/v2\/types\/post"}],"author":[{"embeddable":true,"href":"https:\/\/panoramadelsur.com.ar\/index.php?rest_route=\/wp\/v2\/users\/1"}],"replies":[{"embeddable":true,"href":"https:\/\/panoramadelsur.com.ar\/index.php?rest_route=%2Fwp%2Fv2%2Fcomments&post=32923"}],"version-history":[{"count":1,"href":"https:\/\/panoramadelsur.com.ar\/index.php?rest_route=\/wp\/v2\/posts\/32923\/revisions"}],"predecessor-version":[{"id":32925,"href":"https:\/\/panoramadelsur.com.ar\/index.php?rest_route=\/wp\/v2\/posts\/32923\/revisions\/32925"}],"wp:featuredmedia":[{"embeddable":true,"href":"https:\/\/panoramadelsur.com.ar\/index.php?rest_route=\/wp\/v2\/media\/39574"}],"wp:attachment":[{"href":"https:\/\/panoramadelsur.com.ar\/index.php?rest_route=%2Fwp%2Fv2%2Fmedia&parent=32923"}],"wp:term":[{"taxonomy":"category","embeddable":true,"href":"https:\/\/panoramadelsur.com.ar\/index.php?rest_route=%2Fwp%2Fv2%2Fcategories&post=32923"},{"taxonomy":"post_tag","embeddable":true,"href":"https:\/\/panoramadelsur.com.ar\/index.php?rest_route=%2Fwp%2Fv2%2Ftags&post=32923"}],"curies":[{"name":"wp","href":"https:\/\/api.w.org\/{rel}","templated":true}]}}