{"id":3298,"date":"2021-04-23T01:03:00","date_gmt":"2021-04-23T01:03:00","guid":{"rendered":"http:\/\/panoramadelsur.com.ar\/?p=3298"},"modified":"2021-04-22T23:44:58","modified_gmt":"2021-04-22T23:44:58","slug":"detienen-a-otro-sospechoso-de-haber-participado-en-el-crimen-de-una-policia-en-quilmes","status":"publish","type":"post","link":"https:\/\/panoramadelsur.com.ar\/?p=3298","title":{"rendered":"Detienen a otro sospechoso de haber participado en el crimen de una polic\u00eda en Quilmes"},"content":{"rendered":"\n<p class=\"wp-block-paragraph\">Un adolescente de 17 a\u00f1os fue detenido en las \u00faltimas horas como acusado de haber participado en el crimen de la oficial de la Polic\u00eda Federal Argentina (PFA) Micaela Romero, asesinada de un balazo durante un robo cometido en agosto del a\u00f1o pasado, en la localidad bonaerense de Quilmes, informaron fuentes judiciales.<\/p>\n\n\n\n<p class=\"wp-block-paragraph\">El procedimiento fue dispuesto por la fiscal del Fuero de Responsabilidad Penal Juvenil quilme\u00f1o, Mar\u00eda Julia Botasso, quien ya detuvo a tres sospechosos por el homicidio de la joven de 23 a\u00f1os.<\/p>\n\n\n\n<p class=\"wp-block-paragraph\">Fuentes judiciales informaron que personal policial realiz\u00f3 un allanamiento en Quilmes, donde detuvo a un adolescente de 17 a\u00f1os que hab\u00eda sido identificado luego de tareas de inteligencia.<\/p>\n\n\n\n<p class=\"wp-block-paragraph\">\u00abA pesar del dolor, siento una luz de esperanza y tengo un poco de Fe en que la justicia tarde o temprano llega. Vamos a llegar a tener a todas las personas que fueron y a juzgarlas como corresponde\u00bb, dijo al portal Data Judicial Mar\u00eda Constante, madre de la v\u00edctima.<\/p>\n\n\n\n<p class=\"wp-block-paragraph\">El crimen de Romero fue cometido en la ma\u00f1ana del 16 de agosto de 2020, cerca de las 7, cuando la oficial se encontraba vestida de civil y, junto a un amigo, fue a comprar cigarrillos a un comercio ubicado en calle 395 y avenida Carlos Pellegrini, de Quilmes.<\/p>\n\n\n\n<p class=\"wp-block-paragraph\">En esas circunstancias, seis delincuentes en tres motos los interceptaron con fines de robo y, sin mediar palabras, uno de ellos le dispar\u00f3 a Romero, quien se encontraba sin su arma reglamentaria.<\/p>\n\n\n\n<p class=\"wp-block-paragraph\">Los investigadores se\u00f1alaron que la oficial recibi\u00f3 un disparo a la altura del t\u00f3rax mientras que los delincuentes alcanzaron a sustraerle el celular a ella y a su amigo para luego escapar.<\/p>\n\n\n\n<p class=\"wp-block-paragraph\">\u00abLe sacaron el celular y las zapatillas a este chico. Micaela no quiso entregar un celular y dijeron &#8216;ella es cobani&#8217; y le pegaron a secas un disparo en el pecho, la reconocieron\u00bb, contaron sus familiares a la prensa luego del hecho.<\/p>\n\n\n\n<p class=\"wp-block-paragraph\">Tras el ataque, la oficial de la PFA fue trasladada en grave estado por un grupo de vecinos al Hospital El Cruce de Florencio Varela, donde ingres\u00f3 inconsciente y falleci\u00f3 a los pocos minutos producto de la herida sufrida.<\/p>\n\n\n\n<p class=\"wp-block-paragraph\">Romero ten\u00eda un a\u00f1o de antig\u00fcedad en la fuerza y era integrante de la Divisi\u00f3n Protecci\u00f3n Residencia Presidencial de Olivos y Operaciones, aunque estaba con licencia m\u00e9dica.<\/p>\n\n\n\n<p class=\"wp-block-paragraph\">El 2 de octubre la vicepresidenta de la Naci\u00f3n, Cristina Fern\u00e1ndez de Kirchner, se reuni\u00f3 en su despacho del Senado con Mar\u00eda Constante, la madre de la v\u00edctima.<\/p>\n","protected":false},"excerpt":{"rendered":"<p>Un adolescente<\/p>\n","protected":false},"author":1,"featured_media":39574,"comment_status":"open","ping_status":"open","sticky":false,"template":"","format":"standard","meta":{"footnotes":""},"categories":[1,2],"tags":[],"class_list":["post-3298","post","type-post","status-publish","format-standard","has-post-thumbnail","hentry","category-destacados","category-quilmes"],"_links":{"self":[{"href":"https:\/\/panoramadelsur.com.ar\/index.php?rest_route=\/wp\/v2\/posts\/3298","targetHints":{"allow":["GET"]}}],"collection":[{"href":"https:\/\/panoramadelsur.com.ar\/index.php?rest_route=\/wp\/v2\/posts"}],"about":[{"href":"https:\/\/panoramadelsur.com.ar\/index.php?rest_route=\/wp\/v2\/types\/post"}],"author":[{"embeddable":true,"href":"https:\/\/panoramadelsur.com.ar\/index.php?rest_route=\/wp\/v2\/users\/1"}],"replies":[{"embeddable":true,"href":"https:\/\/panoramadelsur.com.ar\/index.php?rest_route=%2Fwp%2Fv2%2Fcomments&post=3298"}],"version-history":[{"count":1,"href":"https:\/\/panoramadelsur.com.ar\/index.php?rest_route=\/wp\/v2\/posts\/3298\/revisions"}],"predecessor-version":[{"id":3300,"href":"https:\/\/panoramadelsur.com.ar\/index.php?rest_route=\/wp\/v2\/posts\/3298\/revisions\/3300"}],"wp:featuredmedia":[{"embeddable":true,"href":"https:\/\/panoramadelsur.com.ar\/index.php?rest_route=\/wp\/v2\/media\/39574"}],"wp:attachment":[{"href":"https:\/\/panoramadelsur.com.ar\/index.php?rest_route=%2Fwp%2Fv2%2Fmedia&parent=3298"}],"wp:term":[{"taxonomy":"category","embeddable":true,"href":"https:\/\/panoramadelsur.com.ar\/index.php?rest_route=%2Fwp%2Fv2%2Fcategories&post=3298"},{"taxonomy":"post_tag","embeddable":true,"href":"https:\/\/panoramadelsur.com.ar\/index.php?rest_route=%2Fwp%2Fv2%2Ftags&post=3298"}],"curies":[{"name":"wp","href":"https:\/\/api.w.org\/{rel}","templated":true}]}}