{"id":33405,"date":"2022-12-01T01:05:19","date_gmt":"2022-12-01T04:05:19","guid":{"rendered":"https:\/\/panoramadelsur.com.ar\/?p=33405"},"modified":"2022-12-01T02:53:13","modified_gmt":"2022-12-01T05:53:13","slug":"martino-deja-mexico-tras-la-eliminacion-asumimos-el-fracaso-en-esta-copa-del-mundo","status":"publish","type":"post","link":"https:\/\/panoramadelsur.com.ar\/?p=33405","title":{"rendered":"MARTINO DEJA M\u00c9XICO TRAS LA ELIMINACI\u00d3N: ASUMIMOS EL FRACASO EN ESTA COPA DEL MUNDO"},"content":{"rendered":"\n<p class=\"wp-block-paragraph\">El argentino Gerardo \u00abTata\u00bb Martino confirm\u00f3 su renuncia como DT de M\u00e9xico y asumi\u00f3 \u00abel fracaso\u00bb de la eliminaci\u00f3n en la fase de grupos del Mundial de Qatar 2022, luego de la victoria 2-1 ante Arabia Saudita que no alcanz\u00f3 para el pase a los octavos de final.<\/p>\n\n\n\n<p class=\"wp-block-paragraph\">\u00abMi contrato se termin\u00f3 cuando al \u00e1rbitro pit\u00f3 el final del partido y no hay nada m\u00e1s que hacer\u00bb, manifest\u00f3 Martino en conferencia de prensa.<\/p>\n\n\n\n<p class=\"wp-block-paragraph\">\u00abYo soy el responsable de esta decepci\u00f3n&#8230; Asumimos el fracaso que tuvimos en esta Copa del Mundo\u00bb, explic\u00f3, sin vueltas, el exseleccionador argentino.<\/p>\n\n\n\n<p class=\"wp-block-paragraph\">\u00abDesde que llegu\u00e9 trabaj\u00e9 con total libertad, sin ninguna interferencia de nadie. Eso lo agradezco al Presidente y a los Directores Deportivos\u00bb, se\u00f1al\u00f3 el \u00abTata\u00bb.<\/p>\n\n\n\n<p class=\"wp-block-paragraph\">Martino se hizo cargo del seleccionado mexicano el 7 de enero de 2019 y desde entonces dirigi\u00f3 durante 66 partidos, donde obtuvo 42 triunfos, 12 empates y 12 derrotas, con 116 goles a favor y 55 en contra.<\/p>\n\n\n\n<p class=\"wp-block-paragraph\">En su ciclo gan\u00f3 la Copa Concacaf 2019, pero perdi\u00f3 la final de la edici\u00f3n 2021 a manos de Estados Unidos, cuesti\u00f3n que no cay\u00f3 bien en los aficionados mexicanos.<\/p>\n\n\n\n<p class=\"wp-block-paragraph\">Adem\u00e1s, se clasific\u00f3 segundo en las Eliminatorias de Concacaf para Qatar 2022, detr\u00e1s de Canad\u00e1.<\/p>\n\n\n\n<p class=\"wp-block-paragraph\">Su \u00faltimo a\u00f1o en M\u00e9xico fue hostil con cr\u00edticas de la prensa y el p\u00fablico, que se intensificaron con la negativa al llamado del goleador hist\u00f3rico Javier \u00abChicharito\u00bb Hern\u00e1ndez.<\/p>\n\n\n\n<p class=\"wp-block-paragraph\">M\u00e9xico sum\u00f3 4 puntos en el grupo C de Qatar 2022, misma cantidad que Polonia, pero qued\u00f3 eliminado por diferencia de gol. Argentina (6) finaliz\u00f3 primera y Arabia Saudita (3), \u00faltima. <\/p>\n","protected":false},"excerpt":{"rendered":"<p>El argentino<\/p>\n","protected":false},"author":1,"featured_media":39574,"comment_status":"closed","ping_status":"closed","sticky":false,"template":"","format":"standard","meta":{"footnotes":""},"categories":[6],"tags":[22,538],"class_list":["post-33405","post","type-post","status-publish","format-standard","has-post-thumbnail","hentry","category-deportes","tag-futbol","tag-mundial-de-qatar"],"_links":{"self":[{"href":"https:\/\/panoramadelsur.com.ar\/index.php?rest_route=\/wp\/v2\/posts\/33405","targetHints":{"allow":["GET"]}}],"collection":[{"href":"https:\/\/panoramadelsur.com.ar\/index.php?rest_route=\/wp\/v2\/posts"}],"about":[{"href":"https:\/\/panoramadelsur.com.ar\/index.php?rest_route=\/wp\/v2\/types\/post"}],"author":[{"embeddable":true,"href":"https:\/\/panoramadelsur.com.ar\/index.php?rest_route=\/wp\/v2\/users\/1"}],"replies":[{"embeddable":true,"href":"https:\/\/panoramadelsur.com.ar\/index.php?rest_route=%2Fwp%2Fv2%2Fcomments&post=33405"}],"version-history":[{"count":1,"href":"https:\/\/panoramadelsur.com.ar\/index.php?rest_route=\/wp\/v2\/posts\/33405\/revisions"}],"predecessor-version":[{"id":33407,"href":"https:\/\/panoramadelsur.com.ar\/index.php?rest_route=\/wp\/v2\/posts\/33405\/revisions\/33407"}],"wp:featuredmedia":[{"embeddable":true,"href":"https:\/\/panoramadelsur.com.ar\/index.php?rest_route=\/wp\/v2\/media\/39574"}],"wp:attachment":[{"href":"https:\/\/panoramadelsur.com.ar\/index.php?rest_route=%2Fwp%2Fv2%2Fmedia&parent=33405"}],"wp:term":[{"taxonomy":"category","embeddable":true,"href":"https:\/\/panoramadelsur.com.ar\/index.php?rest_route=%2Fwp%2Fv2%2Fcategories&post=33405"},{"taxonomy":"post_tag","embeddable":true,"href":"https:\/\/panoramadelsur.com.ar\/index.php?rest_route=%2Fwp%2Fv2%2Ftags&post=33405"}],"curies":[{"name":"wp","href":"https:\/\/api.w.org\/{rel}","templated":true}]}}