{"id":3404,"date":"2021-04-28T01:01:00","date_gmt":"2021-04-28T01:01:00","guid":{"rendered":"http:\/\/panoramadelsur.com.ar\/?p=3404"},"modified":"2021-04-27T18:43:55","modified_gmt":"2021-04-27T18:43:55","slug":"jubilados-bonaerenses-cobran-haberes-desde-manana-jueves","status":"publish","type":"post","link":"https:\/\/panoramadelsur.com.ar\/?p=3404","title":{"rendered":"Jubilados bonaerenses cobran haberes desde ma\u00f1ana jueves"},"content":{"rendered":"\n<p class=\"wp-block-paragraph\">Los jubilados y pensionados de la provincia de Buenos Aires cobrar\u00e1n desde ma\u00f1ana jueves sus haberes correspondientes al mes de abril, inform\u00f3 el Instituto de Previsi\u00f3n Social bonaerense (IPS).<\/p>\n\n\n\n<p class=\"wp-block-paragraph\">El organismo consign\u00f3 que el cronograma de pagos se iniciar\u00e1 ma\u00f1ana jueves 29 con los DNI que terminen en 0, 1, 2 y 3, mientras que el viernes 30 se completar\u00e1 el pago con los beneficiarios cuyos documentos finalicen en cuatro, cinco, seis, siete, ocho y nueve.<\/p>\n\n\n\n<p class=\"wp-block-paragraph\">El IPS record\u00f3 que todos los tr\u00e1mites se realizan de forma online y en caso que los interesados a\u00fan no hayan obtenido su turno, deber\u00e1n acceder a http:\/\/www.ips.gba.gob.ar\/tramites_remotos.html y solicitar un turno de atenci\u00f3n no presencial en Sede de Inicio La Plata o bien en cualquier Centro de Atenci\u00f3n Previsional habilitado en el interior de la Provincia.<\/p>\n\n\n\n<p class=\"wp-block-paragraph\">Adem\u00e1s, inform\u00f3 que se ampliaron los plazos para la presentaci\u00f3n de documentaci\u00f3n con vencimiento hasta el 30 de junio de 2021.<\/p>\n\n\n\n<p class=\"wp-block-paragraph\">Todo lo que hay que saber sobre Tr\u00e1mites No Presenciales puede verse en http:\/\/www.ips.gba.gov.ar\/tramites_remotos.html.<\/p>\n","protected":false},"excerpt":{"rendered":"<p>Los jubilados<\/p>\n","protected":false},"author":1,"featured_media":39574,"comment_status":"open","ping_status":"open","sticky":false,"template":"","format":"standard","meta":{"footnotes":""},"categories":[8],"tags":[],"class_list":["post-3404","post","type-post","status-publish","format-standard","has-post-thumbnail","hentry","category-para-agendar"],"_links":{"self":[{"href":"https:\/\/panoramadelsur.com.ar\/index.php?rest_route=\/wp\/v2\/posts\/3404","targetHints":{"allow":["GET"]}}],"collection":[{"href":"https:\/\/panoramadelsur.com.ar\/index.php?rest_route=\/wp\/v2\/posts"}],"about":[{"href":"https:\/\/panoramadelsur.com.ar\/index.php?rest_route=\/wp\/v2\/types\/post"}],"author":[{"embeddable":true,"href":"https:\/\/panoramadelsur.com.ar\/index.php?rest_route=\/wp\/v2\/users\/1"}],"replies":[{"embeddable":true,"href":"https:\/\/panoramadelsur.com.ar\/index.php?rest_route=%2Fwp%2Fv2%2Fcomments&post=3404"}],"version-history":[{"count":1,"href":"https:\/\/panoramadelsur.com.ar\/index.php?rest_route=\/wp\/v2\/posts\/3404\/revisions"}],"predecessor-version":[{"id":3405,"href":"https:\/\/panoramadelsur.com.ar\/index.php?rest_route=\/wp\/v2\/posts\/3404\/revisions\/3405"}],"wp:featuredmedia":[{"embeddable":true,"href":"https:\/\/panoramadelsur.com.ar\/index.php?rest_route=\/wp\/v2\/media\/39574"}],"wp:attachment":[{"href":"https:\/\/panoramadelsur.com.ar\/index.php?rest_route=%2Fwp%2Fv2%2Fmedia&parent=3404"}],"wp:term":[{"taxonomy":"category","embeddable":true,"href":"https:\/\/panoramadelsur.com.ar\/index.php?rest_route=%2Fwp%2Fv2%2Fcategories&post=3404"},{"taxonomy":"post_tag","embeddable":true,"href":"https:\/\/panoramadelsur.com.ar\/index.php?rest_route=%2Fwp%2Fv2%2Ftags&post=3404"}],"curies":[{"name":"wp","href":"https:\/\/api.w.org\/{rel}","templated":true}]}}