{"id":3540,"date":"2021-04-30T01:03:00","date_gmt":"2021-04-30T01:03:00","guid":{"rendered":"http:\/\/panoramadelsur.com.ar\/?p=3540"},"modified":"2021-04-30T01:55:15","modified_gmt":"2021-04-30T01:55:15","slug":"defensa-y-justicia-suma-a-cinco-jugadores-con-contagios-de-coronavirus","status":"publish","type":"post","link":"https:\/\/panoramadelsur.com.ar\/?p=3540","title":{"rendered":"Defensa y Justicia suma a cinco jugadores con contagios de coronavirus"},"content":{"rendered":"\n<p class=\"wp-block-paragraph\">Defensa y Justicia inform\u00f3 que los jugadores Eugenio Isnaldo, Enzo Fern\u00e1ndez, Lautaro Escalante, Lautaro Amad\u00e9 y Tom\u00e1s Mart\u00ednez, se encuentran aislados desde ayer por haber contra\u00eddo coronavirus, con lo que suman 11 los casos declarados en poco m\u00e1s de una semana.<\/p>\n\n\n\n<p class=\"wp-block-paragraph\">\u00abDefensa y Justicia informa que en los hisopados realizados al plantel en el d\u00eda de la fecha arrojaron resultados positivos de COVID-19 a los jugadores Eugenio Isnaldo, Enzo Fern\u00e1ndez, Lautaro Escalante, Lautaro Amad\u00e9 y Tom\u00e1s Mart\u00ednez\u00bb, se\u00f1al\u00f3 el club por medio de sus redes sociales oficiales.<\/p>\n\n\n\n<p class=\"wp-block-paragraph\">A lo que agreg\u00f3 que \u00ablos cinco jugadores se encuentran aislados, en buena condici\u00f3n general\u00bb, mientras que \u00abel resto del plantel, cuerpo t\u00e9cnico y staff arroj\u00f3 resultados negativos en sus respectivos tests\u00bb, complet\u00f3.<\/p>\n\n\n\n<p class=\"wp-block-paragraph\">De ese modo, el entrenador Sebasti\u00e1n Beccacece afrontar\u00e1 un dilema para conformar el equipo que recibir\u00e1 en Florencio Varela a Uni\u00f3n de Santa Fe, el domingo venidero a las 12.10, por la 12da. fecha de la zona 2 de la Copa de la Liga Profesional, m\u00e1xime que dos d\u00edas despu\u00e9s, el martes 5 de mayo, recibir\u00e1 a Palmeiras por la Copa Libertadores.<\/p>\n\n\n\n<p class=\"wp-block-paragraph\">La semana pasada se contagiaron Rodolfo Rotondi y Nicol\u00e1s Gonz\u00e1lez, sum\u00e1ndose el \u00faltimo martes Braian Romero, Fernando Meza y Franco Paredes, adem\u00e1s del kinesi\u00f3logo Sergio Serrizuela, con los que totaliza los 11 afectados de Covid-19.<\/p>\n","protected":false},"excerpt":{"rendered":"<p>Defensa y<\/p>\n","protected":false},"author":1,"featured_media":39574,"comment_status":"open","ping_status":"open","sticky":false,"template":"","format":"standard","meta":{"footnotes":""},"categories":[6],"tags":[],"class_list":["post-3540","post","type-post","status-publish","format-standard","has-post-thumbnail","hentry","category-deportes"],"_links":{"self":[{"href":"https:\/\/panoramadelsur.com.ar\/index.php?rest_route=\/wp\/v2\/posts\/3540","targetHints":{"allow":["GET"]}}],"collection":[{"href":"https:\/\/panoramadelsur.com.ar\/index.php?rest_route=\/wp\/v2\/posts"}],"about":[{"href":"https:\/\/panoramadelsur.com.ar\/index.php?rest_route=\/wp\/v2\/types\/post"}],"author":[{"embeddable":true,"href":"https:\/\/panoramadelsur.com.ar\/index.php?rest_route=\/wp\/v2\/users\/1"}],"replies":[{"embeddable":true,"href":"https:\/\/panoramadelsur.com.ar\/index.php?rest_route=%2Fwp%2Fv2%2Fcomments&post=3540"}],"version-history":[{"count":1,"href":"https:\/\/panoramadelsur.com.ar\/index.php?rest_route=\/wp\/v2\/posts\/3540\/revisions"}],"predecessor-version":[{"id":3542,"href":"https:\/\/panoramadelsur.com.ar\/index.php?rest_route=\/wp\/v2\/posts\/3540\/revisions\/3542"}],"wp:featuredmedia":[{"embeddable":true,"href":"https:\/\/panoramadelsur.com.ar\/index.php?rest_route=\/wp\/v2\/media\/39574"}],"wp:attachment":[{"href":"https:\/\/panoramadelsur.com.ar\/index.php?rest_route=%2Fwp%2Fv2%2Fmedia&parent=3540"}],"wp:term":[{"taxonomy":"category","embeddable":true,"href":"https:\/\/panoramadelsur.com.ar\/index.php?rest_route=%2Fwp%2Fv2%2Fcategories&post=3540"},{"taxonomy":"post_tag","embeddable":true,"href":"https:\/\/panoramadelsur.com.ar\/index.php?rest_route=%2Fwp%2Fv2%2Ftags&post=3540"}],"curies":[{"name":"wp","href":"https:\/\/api.w.org\/{rel}","templated":true}]}}