{"id":3634,"date":"2021-05-01T02:28:27","date_gmt":"2021-05-01T02:28:27","guid":{"rendered":"http:\/\/panoramadelsur.com.ar\/?p=3634"},"modified":"2021-05-01T02:28:30","modified_gmt":"2021-05-01T02:28:30","slug":"delfino-por-abal-cambio-de-arbitro-para-defensa-y-justicia-union","status":"publish","type":"post","link":"https:\/\/panoramadelsur.com.ar\/?p=3634","title":{"rendered":"Delfino por Abal: cambio de \u00e1rbitro para Defensa y Justicia-Uni\u00f3n"},"content":{"rendered":"\n<p>El partido entre Defensa y Justicia y Uni\u00f3n de Santa Fe, el domingo por la duod\u00e9cima fecha de la Copa de la Liga Profesional de F\u00fatbol, ser\u00e1 arbitrado por Germ\u00e1n Delfino y no por Diego Abal, que estaba designado pero debi\u00f3 aislarse por haber sido contacto estrecho de un caso de coronavirus.<\/p>\n\n\n\n<p>El partido de la zona 2, que se jugar\u00e1 en la cancha de Defensa el domingo desde las 12.10, es clave para las pretensiones del \u00abTatengue\u00bb de meterse entre los cuatro clasificados a la fase final.<\/p>\n\n\n\n<p>En tanto, Juan Pafundi ser\u00e1 el cuarto \u00e1rbitro del choque Banfield-River, el domingo a las 16.30 por la zona 1 de la Copa, funci\u00f3n para la que estaba designado Delfino.<\/p>\n","protected":false},"excerpt":{"rendered":"<p>El partido<\/p>\n","protected":false},"author":1,"featured_media":39574,"comment_status":"open","ping_status":"open","sticky":false,"template":"","format":"standard","meta":{"footnotes":""},"categories":[6],"tags":[],"class_list":["post-3634","post","type-post","status-publish","format-standard","has-post-thumbnail","hentry","category-deportes"],"_links":{"self":[{"href":"https:\/\/panoramadelsur.com.ar\/index.php?rest_route=\/wp\/v2\/posts\/3634","targetHints":{"allow":["GET"]}}],"collection":[{"href":"https:\/\/panoramadelsur.com.ar\/index.php?rest_route=\/wp\/v2\/posts"}],"about":[{"href":"https:\/\/panoramadelsur.com.ar\/index.php?rest_route=\/wp\/v2\/types\/post"}],"author":[{"embeddable":true,"href":"https:\/\/panoramadelsur.com.ar\/index.php?rest_route=\/wp\/v2\/users\/1"}],"replies":[{"embeddable":true,"href":"https:\/\/panoramadelsur.com.ar\/index.php?rest_route=%2Fwp%2Fv2%2Fcomments&post=3634"}],"version-history":[{"count":1,"href":"https:\/\/panoramadelsur.com.ar\/index.php?rest_route=\/wp\/v2\/posts\/3634\/revisions"}],"predecessor-version":[{"id":3636,"href":"https:\/\/panoramadelsur.com.ar\/index.php?rest_route=\/wp\/v2\/posts\/3634\/revisions\/3636"}],"wp:featuredmedia":[{"embeddable":true,"href":"https:\/\/panoramadelsur.com.ar\/index.php?rest_route=\/wp\/v2\/media\/39574"}],"wp:attachment":[{"href":"https:\/\/panoramadelsur.com.ar\/index.php?rest_route=%2Fwp%2Fv2%2Fmedia&parent=3634"}],"wp:term":[{"taxonomy":"category","embeddable":true,"href":"https:\/\/panoramadelsur.com.ar\/index.php?rest_route=%2Fwp%2Fv2%2Fcategories&post=3634"},{"taxonomy":"post_tag","embeddable":true,"href":"https:\/\/panoramadelsur.com.ar\/index.php?rest_route=%2Fwp%2Fv2%2Ftags&post=3634"}],"curies":[{"name":"wp","href":"https:\/\/api.w.org\/{rel}","templated":true}]}}