{"id":3643,"date":"2021-05-03T01:04:00","date_gmt":"2021-05-03T01:04:00","guid":{"rendered":"http:\/\/panoramadelsur.com.ar\/?p=3643"},"modified":"2021-05-01T03:35:04","modified_gmt":"2021-05-01T03:35:04","slug":"mayo-cronograma-de-cobro-de-jubilados-pensionados-y-auh","status":"publish","type":"post","link":"https:\/\/panoramadelsur.com.ar\/?p=3643","title":{"rendered":"Mayo: cronograma de cobro de jubilados, pensionados y AUH"},"content":{"rendered":"\n<p>La Administraci\u00f3n Nacional de Servicios Sociales (Anses) difundi\u00f3 los calendarios de pagos de mayo 2021 para jubilados y pensionados, titulares de pensiones no contributivas (PNC), y beneficiarios de la Asignaci\u00f3n Universal por Hijo y por Embarazo, Prestaci\u00f3n por Desempleo, Asignaciones Familiares y Pago \u00danico (Matrimonio, Nacimiento y Adopci\u00f3n).<\/p>\n\n\n\n<p>Jubilados y pensionados<br>Las fechas de cobro para jubilados y pensionados&nbsp;<strong>con haberes de hasta $ 23.120<\/strong>&nbsp;ser\u00e1 para los beneficiarios con DNI terminado en 0 el d\u00eda 10 de mayo; en 1 el 11 de mayo; en 2 el 12 de mayo; en 3 el 13 de mayo; en 4 el 14 de mayo; en 5 el 17 de mayo; en 6 el 18 de mayo; en 7 el 19 de mayo; en 8 y 9 el 20 de mayo.<\/p>\n\n\n\n<p>En el caso de los jubilados&nbsp;<strong>con haberes superiores a $ 23.120<\/strong>, las fechas de cobro para beneficiarios con DNI terminado en 0 y 1 el d\u00eda 21 de mayo; en 2 y 3 el 26 de mayo; en 4 y 5 el 27 de mayo; en 6 y 7 el 28 de mayo; en 8 y 9 el 31 de mayo.<\/p>\n\n\n\n<p><strong>El mismo esquema se utilizar\u00e1 para las Prestaciones por Desempleo.<\/strong><\/p>\n\n\n\n<p>En tanto, el pago de pensiones no contributivas (PNC) ser\u00e1 para beneficiarios con DNI terminados en 0 y 1 el d\u00eda 3 de mayo; en 2 y 3 el 4 de mayo; en 4 y 5 el 5 de mayo; en 6 y 7 el 6 de mayo; en 8 y 9 el 7 de mayo.<\/p>\n\n\n\n<p>Asignaciones<br>Las&nbsp;<strong>asignaciones familiares de PNC<\/strong>&nbsp;tienen fecha del 10 de mayo al 9 de junio sin distinci\u00f3n por terminaci\u00f3n de DNI.<\/p>\n\n\n\n<p>Asimismo, los beneficiarios de&nbsp;<strong>Asignaci\u00f3n Universal por Hijo<\/strong>&nbsp;(AUH) y&nbsp;<strong>Asignaciones Familiares por Hijo y Asignaciones por Embarazo<\/strong>&nbsp;cobrar\u00e1n con DNI terminados en 0 el d\u00eda 10 de mayo; en 1 el 11 de mayo; en 2 el 12 de mayo; en 3 el 13 de mayo; en 4 el 14 de mayo; en 5 el 17 de mayo; en 6 el 18 de mayo; en 7 el 19 de mayo; en 8 y 9 el 20 de mayo.<\/p>\n\n\n\n<p>Por su parte, las<strong>&nbsp;Asignaciones Pago \u00danico<\/strong>&nbsp;ser\u00e1n percibidas para la primera quincena del 6 de mayo al 9 de junio y segunda quincena del 21 de mayo al 9 de junio, en ambos casos para todas las terminaciones de DNI por igual.<\/p>\n","protected":false},"excerpt":{"rendered":"<p>La Administraci\u00f3n<\/p>\n","protected":false},"author":1,"featured_media":39574,"comment_status":"open","ping_status":"open","sticky":false,"template":"","format":"standard","meta":{"footnotes":""},"categories":[1],"tags":[],"class_list":["post-3643","post","type-post","status-publish","format-standard","has-post-thumbnail","hentry","category-destacados"],"_links":{"self":[{"href":"https:\/\/panoramadelsur.com.ar\/index.php?rest_route=\/wp\/v2\/posts\/3643","targetHints":{"allow":["GET"]}}],"collection":[{"href":"https:\/\/panoramadelsur.com.ar\/index.php?rest_route=\/wp\/v2\/posts"}],"about":[{"href":"https:\/\/panoramadelsur.com.ar\/index.php?rest_route=\/wp\/v2\/types\/post"}],"author":[{"embeddable":true,"href":"https:\/\/panoramadelsur.com.ar\/index.php?rest_route=\/wp\/v2\/users\/1"}],"replies":[{"embeddable":true,"href":"https:\/\/panoramadelsur.com.ar\/index.php?rest_route=%2Fwp%2Fv2%2Fcomments&post=3643"}],"version-history":[{"count":1,"href":"https:\/\/panoramadelsur.com.ar\/index.php?rest_route=\/wp\/v2\/posts\/3643\/revisions"}],"predecessor-version":[{"id":3645,"href":"https:\/\/panoramadelsur.com.ar\/index.php?rest_route=\/wp\/v2\/posts\/3643\/revisions\/3645"}],"wp:featuredmedia":[{"embeddable":true,"href":"https:\/\/panoramadelsur.com.ar\/index.php?rest_route=\/wp\/v2\/media\/39574"}],"wp:attachment":[{"href":"https:\/\/panoramadelsur.com.ar\/index.php?rest_route=%2Fwp%2Fv2%2Fmedia&parent=3643"}],"wp:term":[{"taxonomy":"category","embeddable":true,"href":"https:\/\/panoramadelsur.com.ar\/index.php?rest_route=%2Fwp%2Fv2%2Fcategories&post=3643"},{"taxonomy":"post_tag","embeddable":true,"href":"https:\/\/panoramadelsur.com.ar\/index.php?rest_route=%2Fwp%2Fv2%2Ftags&post=3643"}],"curies":[{"name":"wp","href":"https:\/\/api.w.org\/{rel}","templated":true}]}}