{"id":3646,"date":"2021-05-01T01:01:00","date_gmt":"2021-05-01T01:01:00","guid":{"rendered":"http:\/\/panoramadelsur.com.ar\/?p=3646"},"modified":"2021-05-01T04:19:02","modified_gmt":"2021-05-01T04:19:02","slug":"alexis-guerrera-sera-el-nuevo-ministro-de-transporte","status":"publish","type":"post","link":"https:\/\/panoramadelsur.com.ar\/?p=3646","title":{"rendered":"Alexis Guerrera ser\u00e1 el nuevo ministro de Transporte"},"content":{"rendered":"\n<p class=\"wp-block-paragraph\">El presidente de Trenes Argentinos Infraestructura, Alexis Guerrera, asumir\u00e1 como nuevo ministro de Transporte, en reemplazo del fallecido Mario Meoni, informaron fuentes oficiales.<\/p>\n\n\n\n<p class=\"wp-block-paragraph\">Guerrera fue intendente del partido bonaerense General Pinto entre 2003 y 2019, y a fines del a\u00f1o pasado asumi\u00f3 en el sector de obras ferroviarias de Trenes Argentinos.<\/p>\n\n\n\n<p class=\"wp-block-paragraph\">Durante su gesti\u00f3n al frente de Infraestructura, Guerrera llev\u00f3 adelante obras en el marco del plan de modernizaci\u00f3n del transporte que dise\u00f1\u00f3 junto a Meoni.<\/p>\n\n\n\n<p class=\"wp-block-paragraph\">Esas obras incluyeron la federalizaci\u00f3n de las obras, con pasos bajo nivel, recuperaci\u00f3n de las v\u00edas del ferrocarril Belgrano Norte y el tren universitario de La Plata, entre otras. Adem\u00e1s, en la gesti\u00f3n apuntaron a bajar el costo en la log\u00edstica y ganar en seguridad.<\/p>\n\n\n\n<p class=\"wp-block-paragraph\">Trenes Argentinos Infraestructura es una Sociedad del Estado argentino creada en 2008 por la Ley 26.352, cuyo objeto es el reordenamiento de la actividad ferroviaria del pa\u00eds.<\/p>\n\n\n\n<p class=\"wp-block-paragraph\">Integra Trenes Argentinos junto a otras empresas estatales del sector ferroviario, como Operadora Ferroviaria, Belgrano Cargas y Log\u00edstica y Desarrollo del Capital Humano Ferroviario.<\/p>\n\n\n\n<p class=\"wp-block-paragraph\">En su recorrida pol\u00edtica, a los 25 a\u00f1os Guerrera estuvo al frente de la Juventud Peronista en Pinto, a los 28 a\u00f1os fue candidato, en 2001 fue concejal y desde 2003 hasta 2019 fue intendente durante cuatro per\u00edodos.<\/p>\n\n\n\n<p class=\"wp-block-paragraph\">En su trabajo como intendente logr\u00f3 el 100 por ciento de cobertura de agua y de la red cloacal, e instal\u00f3 el alumbrado p\u00fablico led.<\/p>\n\n\n\n<p class=\"wp-block-paragraph\">Vinculado al \u00abMassismo\u00bb, Guerrera fue junto a Meoni miembro de la liga de intendentes que constituyeron el Frente Renovador, adonde oficializ\u00f3 su pase en 2016.<\/p>\n\n\n\n<p class=\"wp-block-paragraph\">En 2019 accedi\u00f3 a una banca como diputado provincial por la cuarta secci\u00f3n electoral, por el Frente de Todos.<\/p>\n\n\n\n<p class=\"wp-block-paragraph\">El 22 de diciembre de 2020 dej\u00f3 su banca, con licencia extraordinaria, para incorporarse al gabinete nacional como presidente de Trenes Argentinos Infraestructura, en reemplazo de Ricardo Lissalde.<\/p>\n\n\n\n<p class=\"wp-block-paragraph\">Meoni falleci\u00f3 hace una semana, en un accidente vial en la ruta nacional 7, cuando bajo una intensa lluvia se dirig\u00eda en autom\u00f3vil a su ciudad Jun\u00edn y se despist\u00f3 y volc\u00f3.<\/p>\n","protected":false},"excerpt":{"rendered":"<p>El presidente<\/p>\n","protected":false},"author":1,"featured_media":39574,"comment_status":"open","ping_status":"open","sticky":false,"template":"","format":"standard","meta":{"footnotes":""},"categories":[1,4],"tags":[],"class_list":["post-3646","post","type-post","status-publish","format-standard","has-post-thumbnail","hentry","category-destacados","category-nacionales"],"_links":{"self":[{"href":"https:\/\/panoramadelsur.com.ar\/index.php?rest_route=\/wp\/v2\/posts\/3646","targetHints":{"allow":["GET"]}}],"collection":[{"href":"https:\/\/panoramadelsur.com.ar\/index.php?rest_route=\/wp\/v2\/posts"}],"about":[{"href":"https:\/\/panoramadelsur.com.ar\/index.php?rest_route=\/wp\/v2\/types\/post"}],"author":[{"embeddable":true,"href":"https:\/\/panoramadelsur.com.ar\/index.php?rest_route=\/wp\/v2\/users\/1"}],"replies":[{"embeddable":true,"href":"https:\/\/panoramadelsur.com.ar\/index.php?rest_route=%2Fwp%2Fv2%2Fcomments&post=3646"}],"version-history":[{"count":1,"href":"https:\/\/panoramadelsur.com.ar\/index.php?rest_route=\/wp\/v2\/posts\/3646\/revisions"}],"predecessor-version":[{"id":3648,"href":"https:\/\/panoramadelsur.com.ar\/index.php?rest_route=\/wp\/v2\/posts\/3646\/revisions\/3648"}],"wp:featuredmedia":[{"embeddable":true,"href":"https:\/\/panoramadelsur.com.ar\/index.php?rest_route=\/wp\/v2\/media\/39574"}],"wp:attachment":[{"href":"https:\/\/panoramadelsur.com.ar\/index.php?rest_route=%2Fwp%2Fv2%2Fmedia&parent=3646"}],"wp:term":[{"taxonomy":"category","embeddable":true,"href":"https:\/\/panoramadelsur.com.ar\/index.php?rest_route=%2Fwp%2Fv2%2Fcategories&post=3646"},{"taxonomy":"post_tag","embeddable":true,"href":"https:\/\/panoramadelsur.com.ar\/index.php?rest_route=%2Fwp%2Fv2%2Ftags&post=3646"}],"curies":[{"name":"wp","href":"https:\/\/api.w.org\/{rel}","templated":true}]}}