{"id":37,"date":"2021-01-30T05:53:52","date_gmt":"2021-01-30T05:53:52","guid":{"rendered":"http:\/\/panoramadelsur.com.ar\/?p=37"},"modified":"2023-03-27T02:22:16","modified_gmt":"2023-03-27T05:22:16","slug":"el-gobierno-amplia-el-distanciamiento-social-hasta-el-28-de-febrero-y-con-clases-presenciales","status":"publish","type":"post","link":"https:\/\/panoramadelsur.com.ar\/?p=37","title":{"rendered":"El Gobierno ampl\u00eda el distanciamiento social hasta el 28 de febrero y con clases presenciales"},"content":{"rendered":"\n<p>El Gobierno oficializar\u00e1 en las pr\u00f3ximas horas la extensi\u00f3n en todo el pa\u00eds del Distanciamiento Social, Preventivo y Obligatorio (DISPO) por la pandemia del coronavirus desde el 1\u00ba de febrero y hasta el 28 del mismo mes, y se priorizar\u00e1 el retorno de las clases presenciales en todas las provincias, informaron fuentes oficiales.<\/p>\n\n\n\n<p>El Decreto de Necesidad y Urgencia (DNU) se publicar\u00e1 este fin de semana y dispondr\u00e1 el inicio de clases con presencialidad de docentes y alumnos, medida que se instrumentar\u00e1 de acuerdo a los par\u00e1metros del Consejo Federal de Educaci\u00f3n.<\/p>\n\n\n\n<p>En efecto, las medidas previstas en esta extensi\u00f3n del Distanciamiento Social apuntan a \u00abpriorizar el funcionamiento de los establecimientos educativos con modalidades presenciales\u00bb, a\u00f1adieron las fuentes.<\/p>\n\n\n\n<p>En relaci\u00f3n con el retorno a clases, ser\u00e1n las 23 provincias y la Ciudad Aut\u00f3noma de Buenos Aires las que definir\u00e1n los detalles de la efectiva reanudaci\u00f3n del ciclo lectivo y, eventualmente, su suspensi\u00f3n de acuerdo con la evoluci\u00f3n epidemiol\u00f3gica.<\/p>\n\n\n\n<p>Adem\u00e1s, los docentes y personal no docente, alumnos y sus acompa\u00f1antes quedar\u00e1n exceptuados de la prohibici\u00f3n del uso del servicio p\u00fablico de pasajeros y deber\u00e1n tramitar el Certificado \u00danico Habilitante de Circulaci\u00f3n.<\/p>\n\n\n\n<p>Por otro lado, el DNU ratificar\u00e1 que ning\u00fan aglomerado urbano, ni departamento, ni partido de cualquiera de las provincias argentinas, se encuentra en la actualidad bajo Aislamiento Social, Preventivo y Obligatorio (ASPO).<\/p>\n\n\n\n<p>A trav\u00e9s del decreto presidencial se dispondr\u00e1 que habr\u00e1 libre circulaci\u00f3n por todo el territorio del pa\u00eds, aunque los gobernadores y el jefe de Gobierno de la Ciudad Aut\u00f3noma de Buenos Aires podr\u00e1n reglamentarla estableciendo d\u00edas, horas y zonas por razones epidemiol\u00f3gicas, se\u00f1alaron las fuentes.<\/p>\n\n\n\n<p>En cuanto a las actividades esenciales, se mantendr\u00e1n tal como estaban siendo realizadas hasta ahora, y se podr\u00e1n desarrollar de acuerdo a los protocolos aprobados.<\/p>\n\n\n\n<p>As\u00ed, podr\u00e1n realizarse actividades econ\u00f3micas, industriales, comerciales o de servicios, en tanto posean un protocolo de funcionamiento aprobado por la autoridad sanitaria de cada una de las jurisdicciones (seg\u00fan las recomendaciones de la autoridad sanitaria nacional).<\/p>\n\n\n\n<p>El m\u00e1ximo de uso de los espacios cerrados ser\u00e1 al 50 por ciento de su capacidad, mientras que para los establecimientos gastron\u00f3micos del \u00c1rea Metropolitana de Buenos Aires (AMBA) ser\u00e1 del 30%.<\/p>\n\n\n\n<p>El DNU que se publicar\u00e1 en las pr\u00f3ximas horas autorizar\u00e1 las reuniones sociales en espacios p\u00fablicos al aire libre pero con la condici\u00f3n de mantenerse a una distancia m\u00ednima de 2 metros con utilizaci\u00f3n de tapabocas y cumplimiento de los protocolos y las recomendaciones e instrucciones de las autoridades sanitarias, tanto locales como nacionales.<\/p>\n\n\n\n<p>Sobre las personas en situaci\u00f3n de riesgo, se mantendr\u00e1 la suspensi\u00f3n del deber de asistencia a sus trabajos, conforme lo dispuesto en la reglamentaci\u00f3n vigente.<\/p>\n\n\n\n<p>En cuanto a las actividades deportivas y art\u00edsticas, s\u00f3lo podr\u00e1n realizarse con cumplimiento de las pautas de higiene y cuidado, con respeto de los protocolos de cada una de ellas, mientras que en lugares cerrados la concurrencia no podr\u00e1 ser superior a 10 personas.<\/p>\n\n\n\n<p>Seguir\u00e1n prohibidos los eventos culturales, sociales, recreativos, religiosos o familiares y actividades en general de m\u00e1s de 20 personas en espacios cerrados y en espacios privados al aire libre.<\/p>\n\n\n\n<p>Tampoco se permitir\u00e1n eventos culturales, sociales, recreativos o religiosos en espacios p\u00fablicos al aire libre con concurrencia mayor a 100 personas; ni la pr\u00e1ctica de deportes en lugares cerrados donde participen m\u00e1s de 10 personas o que no permita mantener el distanciamiento m\u00ednimo de 2 metros.<\/p>\n\n\n\n<p>La actividad de cines, teatros, clubes y centros culturales seguir\u00e1 prohibida.<\/p>\n\n\n\n<p>El servicio p\u00fablico de transporte urbano de pasajeros en AMBA s\u00f3lo permanecer\u00e1 habilitado para las personas afectadas a los servicios p\u00fablicos esenciales y para quienes se encuentren expresamente habilitados para su uso.<\/p>\n\n\n\n<p>Por su parte, el Jefe de Gabinete, Santiago Cafiero, podr\u00e1 disponer excepciones a las prohibiciones, seg\u00fan la situaci\u00f3n epidemiol\u00f3gica y sanitaria del lugar, debiendo para ello darse cumplimiento a las recomendaciones del Ministerio de Salud.<\/p>\n\n\n\n<p>Adem\u00e1s, las provincias deber\u00e1n seguir observando los dos par\u00e1metros de riesgo sanitario -raz\u00f3n e incidencia- que est\u00e1n vigentes y que se utilizan para definir si se restringe o se flexibiliza la circulaci\u00f3n nocturna.<\/p>\n\n\n\n<p>El indicador de riesgo definido como &#8216;raz\u00f3n&#8217; aparece cuando el resultado de la divisi\u00f3n (cociente) del n\u00famero de casos confirmados acumulados en los \u00faltimos 14 d\u00edas y el n\u00famero de casos confirmados acumulados en los 14 d\u00edas previos arroja una cifra superior a 1,20.<\/p>\n\n\n\n<p>En tanto, el par\u00e1metro de riesgo llamado &#8216;incidencia&#8217; surge cuando la operaci\u00f3n aritm\u00e9tica de multiplicar el n\u00famero de casos confirmados de los \u00faltimos 14 d\u00edas por 100.000 habitantes da un resultado superior a 150.<\/p>\n\n\n\n<p>A partir de estos datos, el Gobierno nacional instruir\u00e1 a las autoridades locales para que apliquen medidas para disminuir los contactos, para limitar la circulaci\u00f3n nocturna y en cumplimiento de los protocolos vigentes.<\/p>\n\n\n\n<p>El monitoreo de ambos indicadores estar\u00e1 a cargo de las autoridades sanitarias de las distintas jurisdicciones pero en articulaci\u00f3n con el Ministerio de Salud de la Naci\u00f3n.<\/p>\n\n\n\n<p>A su vez, el Ministerio de Seguridad brindar\u00e1 cooperaci\u00f3n para realizar controles de rutas, v\u00edas de acceso, espacios p\u00fablicos y dem\u00e1s lugares estrat\u00e9gicos con el fin de ayudar a garantizar el cumplimiento de las medidas: esta intervenci\u00f3n se concretar\u00e1 a petici\u00f3n de gobernadores y gobernadoras.<\/p>\n","protected":false},"excerpt":{"rendered":"<p>El Gobierno<\/p>\n","protected":false},"author":1,"featured_media":39574,"comment_status":"open","ping_status":"open","sticky":false,"template":"","format":"standard","meta":{"footnotes":""},"categories":[4],"tags":[],"class_list":["post-37","post","type-post","status-publish","format-standard","has-post-thumbnail","hentry","category-nacionales"],"_links":{"self":[{"href":"https:\/\/panoramadelsur.com.ar\/index.php?rest_route=\/wp\/v2\/posts\/37","targetHints":{"allow":["GET"]}}],"collection":[{"href":"https:\/\/panoramadelsur.com.ar\/index.php?rest_route=\/wp\/v2\/posts"}],"about":[{"href":"https:\/\/panoramadelsur.com.ar\/index.php?rest_route=\/wp\/v2\/types\/post"}],"author":[{"embeddable":true,"href":"https:\/\/panoramadelsur.com.ar\/index.php?rest_route=\/wp\/v2\/users\/1"}],"replies":[{"embeddable":true,"href":"https:\/\/panoramadelsur.com.ar\/index.php?rest_route=%2Fwp%2Fv2%2Fcomments&post=37"}],"version-history":[{"count":1,"href":"https:\/\/panoramadelsur.com.ar\/index.php?rest_route=\/wp\/v2\/posts\/37\/revisions"}],"predecessor-version":[{"id":39,"href":"https:\/\/panoramadelsur.com.ar\/index.php?rest_route=\/wp\/v2\/posts\/37\/revisions\/39"}],"wp:featuredmedia":[{"embeddable":true,"href":"https:\/\/panoramadelsur.com.ar\/index.php?rest_route=\/wp\/v2\/media\/39574"}],"wp:attachment":[{"href":"https:\/\/panoramadelsur.com.ar\/index.php?rest_route=%2Fwp%2Fv2%2Fmedia&parent=37"}],"wp:term":[{"taxonomy":"category","embeddable":true,"href":"https:\/\/panoramadelsur.com.ar\/index.php?rest_route=%2Fwp%2Fv2%2Fcategories&post=37"},{"taxonomy":"post_tag","embeddable":true,"href":"https:\/\/panoramadelsur.com.ar\/index.php?rest_route=%2Fwp%2Fv2%2Ftags&post=37"}],"curies":[{"name":"wp","href":"https:\/\/api.w.org\/{rel}","templated":true}]}}