{"id":37698,"date":"2023-03-19T01:05:00","date_gmt":"2023-03-19T04:05:00","guid":{"rendered":"https:\/\/panoramadelsur.com.ar\/?p=37698"},"modified":"2023-03-16T00:32:57","modified_gmt":"2023-03-16T03:32:57","slug":"inicia-la-segunda-etapa-del-plan-de-reduccion-del-riesgo-por-inundaciones-en-la-plata","status":"publish","type":"post","link":"https:\/\/panoramadelsur.com.ar\/?p=37698","title":{"rendered":"INICIA LA SEGUNDA ETAPA DEL PLAN DE REDUCCI\u00d3N DEL RIESGO POR INUNDACIONES EN LA PLATA"},"content":{"rendered":"\n<p>El presidente de la Universidad Nacional de La Plata, Mart\u00edn L\u00f3pez Armengol, y el intendente municipal, Julio Garro, firmaron esta semana un convenio para iniciar la segunda etapa del Plan Director de Reducci\u00f3n de Riesgo por Inundaciones que abarca m\u00e1s de 350 barrios del partido de La Plata.<\/p>\n\n\n\n<p>A trav\u00e9s de un comunicado se indic\u00f3 que el convenio establece que \u201cla UNLP, a trav\u00e9s de la Facultad de Ingenier\u00eda &#8211; Departamento de Hidr\u00e1ulica, junto con la Municipalidad de La Plata proceder\u00e1n a la profundizaci\u00f3n, validaci\u00f3n y aplicaci\u00f3n del \u201cPlan Director de Reducci\u00f3n de Riesgo de Inundaciones en el Partido de La Plata\u201d para su implementaci\u00f3n en todo el territorio municipal y cubriendo todos los sistemas de desag\u00fces que pertenecen a las cuencas con vertiente hacia el R\u00edo de La Plata y aquellos pertenecientes a la cuenca del r\u00edo Samboromb\u00f3n\u201d.<\/p>\n\n\n\n<p>Con la firma de este acuerdo, ambas instituciones pondr\u00e1n en marcha la segunda etapa del plan que ambos organismos impulsaron en diciembre de 2018 para minimizar el riesgo de inundaciones ante la presencia de fen\u00f3menos meteorol\u00f3gicos extremos.<\/p>\n\n\n\n<p>\u201cHace 10 a\u00f1os, apenas ocurrida la tr\u00e1gica inundaci\u00f3n, nuestros principales centros, laboratorios e institutos de investigaci\u00f3n presentaron en tiempo r\u00e9cord una serie de proyectos de investigaci\u00f3n orientados a la tem\u00e1tica que sirvieron de insumo para el Plan Director de Reducci\u00f3n de Riesgo de Inundaciones\u201d, dijo el rector de la UNLP durante el evento del que tambi\u00e9n participaron el secretario de Relaciones Institucionales de la UNLP, Javier Mor Roig, y el ingeniero Pablo Romanazzi.<\/p>\n\n\n\n<p>Por su parte, Garro destac\u00f3 que el convenio es \u201cun paso fundamental\u201d y record\u00f3 que en los \u00faltimos a\u00f1os se desarrollaron \u201c40 kil\u00f3metros de obras hidr\u00e1ulicas\u201d y agreg\u00f3 que \u201ccon el SAME y con el COEM, el plan de gesti\u00f3n del riesgo de la ciudad sigue avanzando\u201d.<\/p>\n\n\n\n<p>\u201cAhora nos preparamos para ir a los barrios y a las escuelas, junto con la universidad, para capacitar a los vecinos sobre c\u00f3mo deben actuar si un d\u00eda volvemos a tener una emergencia clim\u00e1tica\u201d, indic\u00f3.<\/p>\n\n\n\n<p>Seg\u00fan se establece en el convenio, la Facultad de Ingenier\u00eda y el municipio platense elaborar\u00e1n nuevos relevamientos planialtim\u00e9tricos para la aplicaci\u00f3n de protocolos barriales y dispositivos de prevenci\u00f3n apelando a instrumentos tales como aplicaciones digitales y se\u00f1alizaci\u00f3n urbana inteligente.<\/p>\n\n\n\n<p>Adem\u00e1s, se crear\u00e1n manuales barrio por barrio, la realizaci\u00f3n de talleres de participaci\u00f3n ciudadana y nuevos programas de divulgaci\u00f3n y capacitaci\u00f3n para funcionarios, referentes locales y el p\u00fablico en general.<\/p>\n\n\n\n<p>Para concretar el Plan se llevar\u00e1 adelante un trabajo integrado entre las delegaciones, la Secretar\u00eda de Gobierno, los responsables del Comit\u00e9 Operativo de Emergencias Municipal (COEM) y la Subsecretar\u00eda de Gesti\u00f3n de Riesgo local.<\/p>\n\n\n\n<p>\u201cLa Universidad est\u00e1 obligada a tener un fuerte v\u00ednculo con la comunidad y debe involucrarse en todos los problemas que afectan a su sociedad\u201d, se\u00f1al\u00f3 L\u00f3pez Armengol y agreg\u00f3: \u201cTenemos el conocimiento, los recursos humanos formados y la capacidad t\u00e9cnica para aportar soluciones concretas a las principales demandas de la Ciudad. Y en esto, la Facultad de Ingenier\u00eda particularmente viene realizando un trabajo minucioso hace mucho tiempo\u201d. <\/p>\n","protected":false},"excerpt":{"rendered":"<p>El presidente<\/p>\n","protected":false},"author":1,"featured_media":39574,"comment_status":"closed","ping_status":"closed","sticky":false,"template":"","format":"standard","meta":{"footnotes":""},"categories":[5],"tags":[27],"class_list":["post-37698","post","type-post","status-publish","format-standard","has-post-thumbnail","hentry","category-provincia","tag-provincia"],"_links":{"self":[{"href":"https:\/\/panoramadelsur.com.ar\/index.php?rest_route=\/wp\/v2\/posts\/37698","targetHints":{"allow":["GET"]}}],"collection":[{"href":"https:\/\/panoramadelsur.com.ar\/index.php?rest_route=\/wp\/v2\/posts"}],"about":[{"href":"https:\/\/panoramadelsur.com.ar\/index.php?rest_route=\/wp\/v2\/types\/post"}],"author":[{"embeddable":true,"href":"https:\/\/panoramadelsur.com.ar\/index.php?rest_route=\/wp\/v2\/users\/1"}],"replies":[{"embeddable":true,"href":"https:\/\/panoramadelsur.com.ar\/index.php?rest_route=%2Fwp%2Fv2%2Fcomments&post=37698"}],"version-history":[{"count":1,"href":"https:\/\/panoramadelsur.com.ar\/index.php?rest_route=\/wp\/v2\/posts\/37698\/revisions"}],"predecessor-version":[{"id":37700,"href":"https:\/\/panoramadelsur.com.ar\/index.php?rest_route=\/wp\/v2\/posts\/37698\/revisions\/37700"}],"wp:featuredmedia":[{"embeddable":true,"href":"https:\/\/panoramadelsur.com.ar\/index.php?rest_route=\/wp\/v2\/media\/39574"}],"wp:attachment":[{"href":"https:\/\/panoramadelsur.com.ar\/index.php?rest_route=%2Fwp%2Fv2%2Fmedia&parent=37698"}],"wp:term":[{"taxonomy":"category","embeddable":true,"href":"https:\/\/panoramadelsur.com.ar\/index.php?rest_route=%2Fwp%2Fv2%2Fcategories&post=37698"},{"taxonomy":"post_tag","embeddable":true,"href":"https:\/\/panoramadelsur.com.ar\/index.php?rest_route=%2Fwp%2Fv2%2Ftags&post=37698"}],"curies":[{"name":"wp","href":"https:\/\/api.w.org\/{rel}","templated":true}]}}