{"id":37744,"date":"2023-03-19T01:08:00","date_gmt":"2023-03-19T04:08:00","guid":{"rendered":"https:\/\/panoramadelsur.com.ar\/?p=37744"},"modified":"2023-03-16T07:54:10","modified_gmt":"2023-03-16T10:54:10","slug":"se-confirmo-boca-olimpo-en-resistencia-el-sabado-25-por-copa-argentina","status":"publish","type":"post","link":"https:\/\/panoramadelsur.com.ar\/?p=37744","title":{"rendered":"SE CONFIRM\u00d3 BOCA-OLIMPO EN RESISTENCIA EL S\u00c1BADO 25 POR COPA ARGENTINA"},"content":{"rendered":"\n<p>El partido entre Boca Juniors y Olimpo de Bah\u00eda Blanca, por los 32vos. de final de la Copa Argentina, fue confirmado esta semana para el s\u00e1bado 25 del corriente, cuando el torneo local est\u00e9 interrumpido por la concreci\u00f3n de fecha FIFA para el seleccionado argentino.<\/p>\n\n\n\n<p>La organizaci\u00f3n del certamen corrobor\u00f3 que el equipo xeneize jugar\u00e1 ante su par bahiense, que act\u00faa en el Federal A, el s\u00e1bado 25, a las 20.10, en el estadio Centenario de la ciudad de Resistencia, capital de Chaco.<\/p>\n\n\n\n<p>El conjunto de La Ribera es el m\u00e1s ganador en la Copa Argentina, al adjudicarse los t\u00edtulos en las ediciones 1969, 2012, 2015 y 2021.<\/p>\n\n\n\n<p>Ya hubo un enfrentamiento previo entre ambos equipos en la edici\u00f3n 2012 del federal certamen. Ocurri\u00f3 en el estadio del Bicentenario de Catamarca, cuando Boca avanz\u00f3 de ronda, luego de un angustioso triunfo en los penales (11-10), cuando el encuentro hab\u00eda finalizado 1-1 en los 90 minutos. El delantero Pablo Mouche marc\u00f3 en aquella ocasi\u00f3n para los dirigidos por Julio C\u00e9sar Falcioni, mientras que Mart\u00edn Rolle, de penal, lo hizo para los que orientaba por aquellos d\u00edas el DT Walter Perazzo.<\/p>\n\n\n\n<p>El ganador de esta llave se medir\u00e1 con el vencedor del choque inaugural entre Barracas Central y Estudiantes de Caseros.<\/p>\n\n\n\n<p>Otro encuentro confirmado en esta 11ma. edici\u00f3n de la Copa Argentina es el que sostendr\u00e1n el domingo 26, a las 18.00, en el estadio \u00danico Diego Maradona de La Plata, los equipos de Independiente y Ciudad de Bol\u00edvar, otro club que compite en el Federal A. <\/p>\n","protected":false},"excerpt":{"rendered":"<p>El partido<\/p>\n","protected":false},"author":1,"featured_media":39574,"comment_status":"closed","ping_status":"closed","sticky":false,"template":"","format":"standard","meta":{"footnotes":""},"categories":[6],"tags":[114,22],"class_list":["post-37744","post","type-post","status-publish","format-standard","has-post-thumbnail","hentry","category-deportes","tag-copa-argentina","tag-futbol"],"_links":{"self":[{"href":"https:\/\/panoramadelsur.com.ar\/index.php?rest_route=\/wp\/v2\/posts\/37744","targetHints":{"allow":["GET"]}}],"collection":[{"href":"https:\/\/panoramadelsur.com.ar\/index.php?rest_route=\/wp\/v2\/posts"}],"about":[{"href":"https:\/\/panoramadelsur.com.ar\/index.php?rest_route=\/wp\/v2\/types\/post"}],"author":[{"embeddable":true,"href":"https:\/\/panoramadelsur.com.ar\/index.php?rest_route=\/wp\/v2\/users\/1"}],"replies":[{"embeddable":true,"href":"https:\/\/panoramadelsur.com.ar\/index.php?rest_route=%2Fwp%2Fv2%2Fcomments&post=37744"}],"version-history":[{"count":1,"href":"https:\/\/panoramadelsur.com.ar\/index.php?rest_route=\/wp\/v2\/posts\/37744\/revisions"}],"predecessor-version":[{"id":37746,"href":"https:\/\/panoramadelsur.com.ar\/index.php?rest_route=\/wp\/v2\/posts\/37744\/revisions\/37746"}],"wp:featuredmedia":[{"embeddable":true,"href":"https:\/\/panoramadelsur.com.ar\/index.php?rest_route=\/wp\/v2\/media\/39574"}],"wp:attachment":[{"href":"https:\/\/panoramadelsur.com.ar\/index.php?rest_route=%2Fwp%2Fv2%2Fmedia&parent=37744"}],"wp:term":[{"taxonomy":"category","embeddable":true,"href":"https:\/\/panoramadelsur.com.ar\/index.php?rest_route=%2Fwp%2Fv2%2Fcategories&post=37744"},{"taxonomy":"post_tag","embeddable":true,"href":"https:\/\/panoramadelsur.com.ar\/index.php?rest_route=%2Fwp%2Fv2%2Ftags&post=37744"}],"curies":[{"name":"wp","href":"https:\/\/api.w.org\/{rel}","templated":true}]}}