{"id":37780,"date":"2023-03-16T07:52:11","date_gmt":"2023-03-16T10:52:11","guid":{"rendered":"https:\/\/panoramadelsur.com.ar\/?p=37780"},"modified":"2023-03-16T07:52:13","modified_gmt":"2023-03-16T10:52:13","slug":"los-medicos-de-cicop-aceptaron-propuesta-de-aumento-salarial","status":"publish","type":"post","link":"https:\/\/panoramadelsur.com.ar\/?p=37780","title":{"rendered":"LOS M\u00c9DICOS DE CICOP ACEPTARON PROPUESTA DE AUMENTO SALARIAL"},"content":{"rendered":"\n<p>La Asociaci\u00f3n de Profesionales de la Salud de la Provincia de Buenos Aires (CICOP) aprob\u00f3 anoche la propuesta paritaria, en el marco de la ley provincial 10.471 -sobre la Carrera Profesional Hospitalaria- formulada por el Gobierno bonaerense.<\/p>\n\n\n\n<p>En un comunicado, se indic\u00f3 que la oferta aceptada fija un incremento total de un 40 por ciento al mes de julio pr\u00f3ximo, a abonarse en 3 tramos, un 20 por ciento en marzo, 6 en mayo y 14 en julio.<\/p>\n\n\n\n<p>\u00abCon la participaci\u00f3n de congresales de seccionales provinciales, municipales y nacionales, sesion\u00f3 hoy el Congreso Provincial de Delegadas y Delegados de CICOP, quienes adem\u00e1s de la propuesta salarial por amplia mayor\u00eda y tras un importante debate, valoraron positivamente que se incorpore a la propuesta la realizaci\u00f3n de una &#8216;Mesa T\u00e9cnica de Bloqueo de T\u00edtulo&#8217; en el mes de abril&#8217; \u00ab, resaltaron desde el gremio.<\/p>\n\n\n\n<p>Adem\u00e1s, remarcaron que \u00abavanzar hacia un r\u00e9gimen de dedicaci\u00f3n exclusiva es sustancial para revertir los altos niveles de pluriempleo existentes en la Salud P\u00fablica\u00bb.<\/p>\n\n\n\n<p>El pasado 13 de enero, Cicop hab\u00eda votado \u00abpor amplia mayor\u00eda\u00bb a favor de aprobar la \u00faltima propuesta paritaria del gobierno bonaerense en el marco de la ley 10.471, por lo que el sindicato cerr\u00f3 por arriba del 102 por ciento el incremento salarial del a\u00f1o 2022. <\/p>\n","protected":false},"excerpt":{"rendered":"<p>La Asociaci\u00f3n<\/p>\n","protected":false},"author":1,"featured_media":39574,"comment_status":"closed","ping_status":"closed","sticky":false,"template":"","format":"standard","meta":{"footnotes":""},"categories":[5],"tags":[28,27],"class_list":["post-37780","post","type-post","status-publish","format-standard","has-post-thumbnail","hentry","category-provincia","tag-gba","tag-provincia"],"_links":{"self":[{"href":"https:\/\/panoramadelsur.com.ar\/index.php?rest_route=\/wp\/v2\/posts\/37780","targetHints":{"allow":["GET"]}}],"collection":[{"href":"https:\/\/panoramadelsur.com.ar\/index.php?rest_route=\/wp\/v2\/posts"}],"about":[{"href":"https:\/\/panoramadelsur.com.ar\/index.php?rest_route=\/wp\/v2\/types\/post"}],"author":[{"embeddable":true,"href":"https:\/\/panoramadelsur.com.ar\/index.php?rest_route=\/wp\/v2\/users\/1"}],"replies":[{"embeddable":true,"href":"https:\/\/panoramadelsur.com.ar\/index.php?rest_route=%2Fwp%2Fv2%2Fcomments&post=37780"}],"version-history":[{"count":1,"href":"https:\/\/panoramadelsur.com.ar\/index.php?rest_route=\/wp\/v2\/posts\/37780\/revisions"}],"predecessor-version":[{"id":37782,"href":"https:\/\/panoramadelsur.com.ar\/index.php?rest_route=\/wp\/v2\/posts\/37780\/revisions\/37782"}],"wp:featuredmedia":[{"embeddable":true,"href":"https:\/\/panoramadelsur.com.ar\/index.php?rest_route=\/wp\/v2\/media\/39574"}],"wp:attachment":[{"href":"https:\/\/panoramadelsur.com.ar\/index.php?rest_route=%2Fwp%2Fv2%2Fmedia&parent=37780"}],"wp:term":[{"taxonomy":"category","embeddable":true,"href":"https:\/\/panoramadelsur.com.ar\/index.php?rest_route=%2Fwp%2Fv2%2Fcategories&post=37780"},{"taxonomy":"post_tag","embeddable":true,"href":"https:\/\/panoramadelsur.com.ar\/index.php?rest_route=%2Fwp%2Fv2%2Ftags&post=37780"}],"curies":[{"name":"wp","href":"https:\/\/api.w.org\/{rel}","templated":true}]}}