{"id":37799,"date":"2023-03-17T15:32:11","date_gmt":"2023-03-17T18:32:11","guid":{"rendered":"https:\/\/panoramadelsur.com.ar\/?p=37799"},"modified":"2023-03-17T15:32:13","modified_gmt":"2023-03-17T18:32:13","slug":"gobierno-bonaerense-expuso-sobre-el-modelo-de-desmanicomializacion-ante-la-onu","status":"publish","type":"post","link":"https:\/\/panoramadelsur.com.ar\/?p=37799","title":{"rendered":"GOBIERNO BONAERENSE EXPUSO SOBRE EL MODELO DE DESMANICOMIALIZACI\u00d3N ANTE LA ONU"},"content":{"rendered":"\n<p>La subsecretaria de Salud Mental, Consumos Problem\u00e1ticos y Violencias de la provincia de Buenos Aires, Julieta Calmels, present\u00f3 ante la ONU las pol\u00edticas de desmanicomializaci\u00f3n que el ministerio de Salud del distrito lleva adelante, como parte del proceso de implementaci\u00f3n de la Ley de Protecci\u00f3n de la Salud Mental 26.657.<\/p>\n\n\n\n<p>La funcionaria expuso en la sesi\u00f3n 636 del Comit\u00e9 de los Derechos de las Personas con Discapacidad (CDPD) de la Organizaci\u00f3n de las Naciones Unidas, en respuesta a la evaluaci\u00f3n que el organismo realiza en Argentina respecto a los avances en materia de salud mental y de discapacidad psicosocial.<\/p>\n\n\n\n<p>Al respecto, detall\u00f3 que la reforma \u00abimplica modificaciones profundas en los servicios de salud mental, pero a la vez supone una transformaci\u00f3n mucho m\u00e1s profunda vinculada al cambio en la concepci\u00f3n, de relaci\u00f3n del Estado y de sus carteras ministeriales, como as\u00ed tambi\u00e9n de las comunidades con aquellas personas usuarias de los servicios de salud mental o con discapacidad psicosocial\u00bb.<\/p>\n\n\n\n<p>Uno de los ejes abordados durante la jornada fue la desinstitucionalizaci\u00f3n que implic\u00f3 avances significativos en los cuatro neuropsiqui\u00e1tricos\/manicomios provinciales, donde al inicio de la gesti\u00f3n viv\u00edan m\u00e1s de 1.800 personas. \u00abUn 42% estaba institucionalizada sin criterio de internaci\u00f3n y con tiempos de estad\u00eda de m\u00e1s de diez a\u00f1os\u00bb, dijo Calmels.<\/p>\n\n\n\n<p>La funcionaria inform\u00f3 que actualmente \u00abse redujeron un 35% las personas que residen en los pabellones de cr\u00f3nicos de los hospitales neuropsiqui\u00e1tricos, y hay 632 externadas bajo un modelo de apoyos en 181 casas asistidas para la vida en comunidad, donde las personas usuarias pueden desarrollarse y vivir dignamente\u00bb.<\/p>\n\n\n\n<p>Otro de los temas presentados fue la reforma del sistema de salud, que permiti\u00f3 una mejora en las condiciones de atenci\u00f3n a las situaciones de crisis en los hospitales generales; con una ampliaci\u00f3n del 27% de camas, incluyendo nuevo personal.<\/p>\n\n\n\n<p>Por \u00faltimo, la funcionaria mencion\u00f3 la ampliaci\u00f3n y fortalecimiento de los espacios de atenci\u00f3n con base en la comunidad, y no en los modelos hospitaloc\u00e9ntricos de atenci\u00f3n y de cuidado, e indic\u00f3 que se trata de pol\u00edticas que buscan garantizar los derechos humanos y la inclusi\u00f3n de las personas que atraviesan situaciones de salud mental.<\/p>\n\n\n\n<p>Se calcula que en todo el mundo hay mil millones de personas con discapacidad, y el CDPD de la ONU es el \u00f3rgano de expertos independientes que supervisa la aplicaci\u00f3n de la Convenci\u00f3n por parte de los Estados Partes.<\/p>\n\n\n\n<p>El Comit\u00e9 promueve la inclusi\u00f3n, defiende los derechos humanos de las personas con discapacidad y formula recomendaciones para apoyar la aplicaci\u00f3n de las disposiciones consagradas en la Convenci\u00f3n. <\/p>\n","protected":false},"excerpt":{"rendered":"<p>La subsecretaria<\/p>\n","protected":false},"author":1,"featured_media":39574,"comment_status":"closed","ping_status":"closed","sticky":false,"template":"","format":"standard","meta":{"footnotes":""},"categories":[5],"tags":[28,27],"class_list":["post-37799","post","type-post","status-publish","format-standard","has-post-thumbnail","hentry","category-provincia","tag-gba","tag-provincia"],"_links":{"self":[{"href":"https:\/\/panoramadelsur.com.ar\/index.php?rest_route=\/wp\/v2\/posts\/37799","targetHints":{"allow":["GET"]}}],"collection":[{"href":"https:\/\/panoramadelsur.com.ar\/index.php?rest_route=\/wp\/v2\/posts"}],"about":[{"href":"https:\/\/panoramadelsur.com.ar\/index.php?rest_route=\/wp\/v2\/types\/post"}],"author":[{"embeddable":true,"href":"https:\/\/panoramadelsur.com.ar\/index.php?rest_route=\/wp\/v2\/users\/1"}],"replies":[{"embeddable":true,"href":"https:\/\/panoramadelsur.com.ar\/index.php?rest_route=%2Fwp%2Fv2%2Fcomments&post=37799"}],"version-history":[{"count":1,"href":"https:\/\/panoramadelsur.com.ar\/index.php?rest_route=\/wp\/v2\/posts\/37799\/revisions"}],"predecessor-version":[{"id":37801,"href":"https:\/\/panoramadelsur.com.ar\/index.php?rest_route=\/wp\/v2\/posts\/37799\/revisions\/37801"}],"wp:featuredmedia":[{"embeddable":true,"href":"https:\/\/panoramadelsur.com.ar\/index.php?rest_route=\/wp\/v2\/media\/39574"}],"wp:attachment":[{"href":"https:\/\/panoramadelsur.com.ar\/index.php?rest_route=%2Fwp%2Fv2%2Fmedia&parent=37799"}],"wp:term":[{"taxonomy":"category","embeddable":true,"href":"https:\/\/panoramadelsur.com.ar\/index.php?rest_route=%2Fwp%2Fv2%2Fcategories&post=37799"},{"taxonomy":"post_tag","embeddable":true,"href":"https:\/\/panoramadelsur.com.ar\/index.php?rest_route=%2Fwp%2Fv2%2Ftags&post=37799"}],"curies":[{"name":"wp","href":"https:\/\/api.w.org\/{rel}","templated":true}]}}