{"id":3829,"date":"2021-05-07T00:01:00","date_gmt":"2021-05-07T03:01:00","guid":{"rendered":"http:\/\/panoramadelsur.com.ar\/?p=3829"},"modified":"2021-05-07T02:13:59","modified_gmt":"2021-05-07T05:13:59","slug":"este-viernes-cobran-titulares-de-pensiones-no-contributivas-con-dni-finalizado-en-8-y-9-2","status":"publish","type":"post","link":"https:\/\/panoramadelsur.com.ar\/?p=3829","title":{"rendered":"Este viernes cobran titulares de pensiones no contributivas con DNI finalizado en 8 y 9"},"content":{"rendered":"\n<p class=\"wp-block-paragraph\">Los titulares de pensiones no contributivas (PNC) con Documento Nacional de Identidad (DNI) finalizado en 8 y 9 cobrar\u00e1n este viernes en las sucursales bancarias correspondientes, por ventanilla.<\/p>\n\n\n\n<p class=\"wp-block-paragraph\">Estos beneficiarios tambi\u00e9n recibir\u00e1n el pago del monto equivalente al bols\u00f3n de comida.<\/p>\n\n\n\n<p class=\"wp-block-paragraph\">Por otra parte, este viernes se abonar\u00e1 el refuerzo de $15.000 a beneficiarios de la Asignaci\u00f3n Universal por Hijo (AUH), Asignaci\u00f3n por Embarazo (AUE) y monotributistas A y B que cobren Asignaciones Familiares con DNI terminado en 9 que residan en la zona del AMBA.<\/p>\n\n\n\n<p class=\"wp-block-paragraph\">Otro de los beneficios que se pagar\u00e1n este viernes es el Programa Acompa\u00f1ar del Ministerio de las Mujeres, G\u00e9neros y Diversidad de la Naci\u00f3n, para promover la autonom\u00eda de las mujeres y personas LGBTI+ que se encuentran en riesgo por violencia de g\u00e9nero.<\/p>\n","protected":false},"excerpt":{"rendered":"<p>Los titulares<\/p>\n","protected":false},"author":1,"featured_media":39574,"comment_status":"open","ping_status":"open","sticky":false,"template":"","format":"standard","meta":{"footnotes":""},"categories":[4,8],"tags":[],"class_list":["post-3829","post","type-post","status-publish","format-standard","has-post-thumbnail","hentry","category-nacionales","category-para-agendar"],"_links":{"self":[{"href":"https:\/\/panoramadelsur.com.ar\/index.php?rest_route=\/wp\/v2\/posts\/3829","targetHints":{"allow":["GET"]}}],"collection":[{"href":"https:\/\/panoramadelsur.com.ar\/index.php?rest_route=\/wp\/v2\/posts"}],"about":[{"href":"https:\/\/panoramadelsur.com.ar\/index.php?rest_route=\/wp\/v2\/types\/post"}],"author":[{"embeddable":true,"href":"https:\/\/panoramadelsur.com.ar\/index.php?rest_route=\/wp\/v2\/users\/1"}],"replies":[{"embeddable":true,"href":"https:\/\/panoramadelsur.com.ar\/index.php?rest_route=%2Fwp%2Fv2%2Fcomments&post=3829"}],"version-history":[{"count":1,"href":"https:\/\/panoramadelsur.com.ar\/index.php?rest_route=\/wp\/v2\/posts\/3829\/revisions"}],"predecessor-version":[{"id":3831,"href":"https:\/\/panoramadelsur.com.ar\/index.php?rest_route=\/wp\/v2\/posts\/3829\/revisions\/3831"}],"wp:featuredmedia":[{"embeddable":true,"href":"https:\/\/panoramadelsur.com.ar\/index.php?rest_route=\/wp\/v2\/media\/39574"}],"wp:attachment":[{"href":"https:\/\/panoramadelsur.com.ar\/index.php?rest_route=%2Fwp%2Fv2%2Fmedia&parent=3829"}],"wp:term":[{"taxonomy":"category","embeddable":true,"href":"https:\/\/panoramadelsur.com.ar\/index.php?rest_route=%2Fwp%2Fv2%2Fcategories&post=3829"},{"taxonomy":"post_tag","embeddable":true,"href":"https:\/\/panoramadelsur.com.ar\/index.php?rest_route=%2Fwp%2Fv2%2Ftags&post=3829"}],"curies":[{"name":"wp","href":"https:\/\/api.w.org\/{rel}","templated":true}]}}