{"id":3913,"date":"2021-05-09T11:38:14","date_gmt":"2021-05-09T14:38:14","guid":{"rendered":"http:\/\/panoramadelsur.com.ar\/?p=3913"},"modified":"2021-05-09T11:38:17","modified_gmt":"2021-05-09T14:38:17","slug":"desarticularon-la-banda-de-los-paisa-que-operaba-en-el-barrio-la-matera","status":"publish","type":"post","link":"https:\/\/panoramadelsur.com.ar\/?p=3913","title":{"rendered":"Desarticularon la banda de \u201cLos Paisa\u201d que operaba en el barrio La Matera"},"content":{"rendered":"\n<p class=\"wp-block-paragraph\">En las \u00faltimas horas y luego de un trabajo articulado entre el Ministerio de Seguridad de la Provincia, la Secretar\u00eda de Seguridad y Ordenamiento del Municipio de Quilmes y la Delegaci\u00f3n Departamental de Investigaciones (DDI) de Quilmes, con la aprehensi\u00f3n de dos sujetos, entre ellos el cabecilla, se logr\u00f3 desarticular a una peligrosa banda denominada \u201cLos Paisas\u201d, compuesta por delincuentes en su mayor\u00eda, de nacionalidad paraguaya, que se dedicaba a la venta de estupefacientes, que ser\u00eda provista por otro connacional de los malvivientes y que actuaban en la zona oeste del distrito.<\/p>\n\n\n\n<p class=\"wp-block-paragraph\">Todo comenz\u00f3 cuando tras distintas reuniones mantenidas entre autoridades del Ministerio de Seguridad, de la Secretar\u00eda de Seguridad Ciudadana del Municipio de Quilmes y personal de esta Delegaci\u00f3n Departamental de Investigaciones, se trat\u00f3 la problem\u00e1tica del narcotr\u00e1fico y narcomenudeo dentro del \u00e1mbito local.<\/p>\n\n\n\n<p class=\"wp-block-paragraph\">En las mismas, se efectu\u00f3 un minucioso an\u00e1lisis logrando determinar distintas zonas dentro del partido en las que se denot\u00f3 un incremento de delitos derivados de esta situaci\u00f3n, as\u00ed como la aparici\u00f3n de nuevos de puntos de expendio de sustancias il\u00edcitas, surgiendo adem\u00e1s informaci\u00f3n al respecto de la presencia de un grupo de delincuentes de nacionalidad paraguaya en su mayor\u00eda, conocidos como \u201cLos Paisa\u201d, quienes estaban ganando territorio en el barrio La Matera, trat\u00e1ndose de individuos peligrosos y siempre armados, que someten a los lugare\u00f1os, y quienes por temor a represalias, permiten su presencia en el lugar.<\/p>\n\n\n\n<p class=\"wp-block-paragraph\">Tras efectuar diversas tareas en forma encubierta, tales como relevamientos y vigilancias con personal distribuido en la zona y mimetizado con los lugare\u00f1os, se logr\u00f3 determinar que estos sujetos ser\u00edan provistos por un masculino de nacionalidad paraguaya, quien arribaba en distintos rodados al lugar, proveyendo de sustancias estupefacientes a otros sujetos tambi\u00e9n de nacionalidad paraguaya, quienes hac\u00edan las veces de vendedores y teniendo adem\u00e1s en la periferia a un lugare\u00f1o conocedor de la zona, que los alertaba sobre la presencia de personas ajenas al lugar y desconocidos, como del arribo de personal policial a la zona, llevando a cabo la labor com\u00fanmente conocida como \u201csat\u00e9lite\u201d.<\/p>\n\n\n\n<p class=\"wp-block-paragraph\">En ese contexto y mostrando un alto grado de profesionalismo, el personal policial llev\u00f3 a cabo relevamientos en horario diurno, logrando determinar lugares de acceso y posibles puntos de fuga desde la ubicaci\u00f3n que utilizan los delincuentes como base para sus operaciones.<\/p>\n\n\n\n<p class=\"wp-block-paragraph\">Es as\u00ed que en las \u00faltimas horas, se implement\u00f3 una operaci\u00f3n en la zona, desplegando personal encubierto tanto en los accesos desde donde llegan los ocasionales consumidores\/compradores, como tambi\u00e9n en las distintas v\u00edas que los delincuentes podr\u00edan utilizar como rutas de escape, arrojando dicha labor resultado altamente positivo.<\/p>\n\n\n\n<p class=\"wp-block-paragraph\">De esta manera, se logr\u00f3 la aprehensi\u00f3n del proveedor de las drogas, del vendedor de las mismas (ambos paraguayos de 61 y 54 a\u00f1os, respectivamente) y la de un menor de 17, que ser\u00eda el que actuaba de sat\u00e9lite (fue notificado de la causa y entregado a sus padres). En poder de los mayores se secuestraron dos armas de fuego, 175 gramos de coca\u00edna (1.164 dosis de paco), 488 gramos de marihuana (311 dosis, un trozo compacto y sustancia molida) y el veh\u00edculo (un Peugeot 2008) en que arrib\u00f3 al lugar el proveedor.<\/p>\n\n\n\n<p class=\"wp-block-paragraph\">Se comunic\u00f3 lo actuado a la UFI N\u00ba 20 de Quilmes (tem\u00e1tica en materia de estupefacientes), disponiendo la aprehensi\u00f3n de los dos mayores de edad por infracci\u00f3n a la ley 23.737 (Ley de drogas). Comunicado a la UFI N\u00ba 2 de Quilmes, dispuso imputaci\u00f3n de los mayores por portaci\u00f3n ilegal de arma de guerra y uso civil. Informado el hecho a la FRPJ N\u00ba 1, dispuso notificaci\u00f3n respecto al menor y posterior entrega a sus progenitores. Adem\u00e1s, se procedi\u00f3 al secuestro de un aparato celular utilizado por el proveedor, por lo que se proseguir\u00e1 con la investigaci\u00f3n.<\/p>\n","protected":false},"excerpt":{"rendered":"<p>En las<\/p>\n","protected":false},"author":1,"featured_media":39574,"comment_status":"open","ping_status":"open","sticky":false,"template":"","format":"standard","meta":{"footnotes":""},"categories":[1],"tags":[],"class_list":["post-3913","post","type-post","status-publish","format-standard","has-post-thumbnail","hentry","category-destacados"],"_links":{"self":[{"href":"https:\/\/panoramadelsur.com.ar\/index.php?rest_route=\/wp\/v2\/posts\/3913","targetHints":{"allow":["GET"]}}],"collection":[{"href":"https:\/\/panoramadelsur.com.ar\/index.php?rest_route=\/wp\/v2\/posts"}],"about":[{"href":"https:\/\/panoramadelsur.com.ar\/index.php?rest_route=\/wp\/v2\/types\/post"}],"author":[{"embeddable":true,"href":"https:\/\/panoramadelsur.com.ar\/index.php?rest_route=\/wp\/v2\/users\/1"}],"replies":[{"embeddable":true,"href":"https:\/\/panoramadelsur.com.ar\/index.php?rest_route=%2Fwp%2Fv2%2Fcomments&post=3913"}],"version-history":[{"count":1,"href":"https:\/\/panoramadelsur.com.ar\/index.php?rest_route=\/wp\/v2\/posts\/3913\/revisions"}],"predecessor-version":[{"id":3915,"href":"https:\/\/panoramadelsur.com.ar\/index.php?rest_route=\/wp\/v2\/posts\/3913\/revisions\/3915"}],"wp:featuredmedia":[{"embeddable":true,"href":"https:\/\/panoramadelsur.com.ar\/index.php?rest_route=\/wp\/v2\/media\/39574"}],"wp:attachment":[{"href":"https:\/\/panoramadelsur.com.ar\/index.php?rest_route=%2Fwp%2Fv2%2Fmedia&parent=3913"}],"wp:term":[{"taxonomy":"category","embeddable":true,"href":"https:\/\/panoramadelsur.com.ar\/index.php?rest_route=%2Fwp%2Fv2%2Fcategories&post=3913"},{"taxonomy":"post_tag","embeddable":true,"href":"https:\/\/panoramadelsur.com.ar\/index.php?rest_route=%2Fwp%2Fv2%2Ftags&post=3913"}],"curies":[{"name":"wp","href":"https:\/\/api.w.org\/{rel}","templated":true}]}}