{"id":40014,"date":"2023-05-12T01:10:00","date_gmt":"2023-05-12T04:10:00","guid":{"rendered":"https:\/\/panoramadelsur.com.ar\/?p=40014"},"modified":"2023-05-11T21:05:37","modified_gmt":"2023-05-12T00:05:37","slug":"mayra-recibio-patrulleros-0km-para-el-comando-unificado-conurbano-de-fuerzas-federales-que-operara-en-quilmes","status":"publish","type":"post","link":"https:\/\/panoramadelsur.com.ar\/?p=40014","title":{"rendered":"MAYRA RECIBI\u00d3 PATRULLEROS 0KM PARA EL COMANDO UNIFICADO CONURBANO DE FUERZAS FEDERALES QUE OPERAR\u00c1 EN QUILMES"},"content":{"rendered":"\n<p>La intendenta de Quilmes, Mayra Mendoza, se reuni\u00f3 con la secretaria de Seguridad y Pol\u00edtica Criminal del Ministerio de Seguridad de la Naci\u00f3n, Mercedes La Gioiosa, en su despacho de Alberdi 500, para firmar el convenio de comodato de cesi\u00f3n de veh\u00edculos 0km, que ser\u00e1n destinados al patrullaje operativo del Comando Unificado Conurbano (CUC) de Fuerzas Federales en la ciudad.<\/p>\n\n\n\n<p>\u201cEstamos con presencias de autoridades del Ministerio de Seguridad de la Naci\u00f3n presentando estos m\u00f3viles que fueron adquiridos por el Municipio de Quilmes a disposici\u00f3n de las fuerzas federales\u201d, expres\u00f3 Mayra que estuvo acompa\u00f1ada por el secretario de Seguridad y Ordenamiento Urbano del Municipio de Quilmes, Gaspar De St\u00e9fano.<\/p>\n\n\n\n<p>La Jefa comunal se\u00f1al\u00f3: \u201cEn este caso, son camionetas en las que van a poder ver a la Polic\u00eda Federal, Gendarmer\u00eda, PSA y Prefectura y ser\u00e1n utilizadas en diferentes barrios de Quilmes, para complementar todo el trabajo de prevenci\u00f3n del delito que venimos desarrollando Naci\u00f3n, Provincia y Municipio porque sabemos que es la mayor preocupaci\u00f3n de nuestros vecinos y vecinas. Por eso ponemos a disposici\u00f3n, hoy, estos m\u00f3viles y agradecemos el trabajo articulado en este Comando Unificado Conurbano que tiene que ayudar a que nuestros vecinos y vecinas vivan un poco m\u00e1s seguro\u201d.<\/p>\n\n\n\n<p>Por su parte, La Gioiosa indic\u00f3: \u201cNosotros como fuerzas federales trabajamos a colaboraci\u00f3n para el gobierno de la provincia de Buenos Aires y los municipios, y hoy venimos a concretar esa coordinaci\u00f3n. Esto tiene que tener una mirada integral. Este comando permite que cuatro fuerzas federales puedan coordinarse con las \u00e1reas de seguridad de los municipios y la Provincia a fin de combatir el delito. Agradecemos al Municipio porque ofreci\u00f3 herramientas para que este trabajo pueda realizarse en Quilmes. Aqu\u00ed el Comando Unificado N\u00ba 4 es uno de los que mayores resultados obtuvo con su plan de acci\u00f3n y estamos haciendo operativos de saturaci\u00f3n en todos los lugares que ha indicado el Municipio con alta efectividad\u201d.<\/p>\n\n\n\n<p>Se trata de 6 unidades tipo pick up marca Ford Ranger XL doble cabina, que cuentan con blindaje reglamentario RB 2, balizamiento, sirena y ploteo.<\/p>\n\n\n\n<p>El CUC, que fue creado en marzo del 2023, por la Resoluci\u00f3n 186 del Ministerio de Seguridad de la Naci\u00f3n, involucra a 34 municipios y tiene el objetivo de contribuir a ejercitar m\u00e1s eficientemente las tareas que actualmente despliegan las Fuerzas Policiales y de Seguridad Federales en el territorio de diversos municipios del conurbano bonaerense, entre ellos, Quilmes.<\/p>\n\n\n\n<p>Estuvieron presentes el jefe del Comando Unificado Conurbano N\u00ba 4, prefecto principal Carlos C\u00f3rdoba, adem\u00e1s de oficiales jefes de Gendarmer\u00eda Nacional Argentina, Polic\u00eda Federal Argentina y Polic\u00eda de Seguridad Aeroportuaria.<\/p>\n","protected":false},"excerpt":{"rendered":"<p>La intendenta<\/p>\n","protected":false},"author":1,"featured_media":39574,"comment_status":"closed","ping_status":"closed","sticky":false,"template":"","format":"standard","meta":{"footnotes":""},"categories":[2],"tags":[35,17],"class_list":["post-40014","post","type-post","status-publish","format-standard","has-post-thumbnail","hentry","category-quilmes","tag-municipio-de-quilmes","tag-quilmes"],"_links":{"self":[{"href":"https:\/\/panoramadelsur.com.ar\/index.php?rest_route=\/wp\/v2\/posts\/40014","targetHints":{"allow":["GET"]}}],"collection":[{"href":"https:\/\/panoramadelsur.com.ar\/index.php?rest_route=\/wp\/v2\/posts"}],"about":[{"href":"https:\/\/panoramadelsur.com.ar\/index.php?rest_route=\/wp\/v2\/types\/post"}],"author":[{"embeddable":true,"href":"https:\/\/panoramadelsur.com.ar\/index.php?rest_route=\/wp\/v2\/users\/1"}],"replies":[{"embeddable":true,"href":"https:\/\/panoramadelsur.com.ar\/index.php?rest_route=%2Fwp%2Fv2%2Fcomments&post=40014"}],"version-history":[{"count":1,"href":"https:\/\/panoramadelsur.com.ar\/index.php?rest_route=\/wp\/v2\/posts\/40014\/revisions"}],"predecessor-version":[{"id":40016,"href":"https:\/\/panoramadelsur.com.ar\/index.php?rest_route=\/wp\/v2\/posts\/40014\/revisions\/40016"}],"wp:featuredmedia":[{"embeddable":true,"href":"https:\/\/panoramadelsur.com.ar\/index.php?rest_route=\/wp\/v2\/media\/39574"}],"wp:attachment":[{"href":"https:\/\/panoramadelsur.com.ar\/index.php?rest_route=%2Fwp%2Fv2%2Fmedia&parent=40014"}],"wp:term":[{"taxonomy":"category","embeddable":true,"href":"https:\/\/panoramadelsur.com.ar\/index.php?rest_route=%2Fwp%2Fv2%2Fcategories&post=40014"},{"taxonomy":"post_tag","embeddable":true,"href":"https:\/\/panoramadelsur.com.ar\/index.php?rest_route=%2Fwp%2Fv2%2Ftags&post=40014"}],"curies":[{"name":"wp","href":"https:\/\/api.w.org\/{rel}","templated":true}]}}