{"id":40026,"date":"2023-05-12T14:59:32","date_gmt":"2023-05-12T17:59:32","guid":{"rendered":"https:\/\/panoramadelsur.com.ar\/?p=40026"},"modified":"2023-05-12T14:59:33","modified_gmt":"2023-05-12T17:59:33","slug":"la-reduccion-de-la-jornada-laboral-beneficia-al-conjunto","status":"publish","type":"post","link":"https:\/\/panoramadelsur.com.ar\/?p=40026","title":{"rendered":"LA REDUCCI\u00d3N DE LA JORNADA LABORAL BENEFICIA AL CONJUNTO"},"content":{"rendered":"\n<p><strong><em>Por Hugo Yasky (*)<\/em><\/strong><\/p>\n\n\n\n<p>La reducci\u00f3n de la jornada laboral es una necesidad que nos reclaman las transformaciones sociales en t\u00e9rminos hist\u00f3ricos.<\/p>\n\n\n\n<p>En el \u00faltimo siglo, el que va de 1920 a 2020, la productividad del trabajo se multiplic\u00f3 por cinco. Sin embargo, las trabajadoras y los trabajadores siguen cumpliendo la misma jornada laboral de 48 horas semanales que se instaur\u00f3, en el caso de nuestro pa\u00eds, hace m\u00e1s de 100 a\u00f1os.<\/p>\n\n\n\n<p>Esto hace que la legislaci\u00f3n argentina est\u00e9 atrasada no s\u00f3lo en comparaci\u00f3n con los pa\u00edses llamados desarrollados sino tambi\u00e9n cuando se observa a los de la regi\u00f3n. Est\u00e1 situaci\u00f3n se debe a que hay sectores que tienen anteojeras y prejuicios a la hora de abordar el tema. Algunos de ellos dicen que afectar\u00eda \u00abla productividad\u00bb, que como vimos creci\u00f3 en a lo largo de las d\u00e9cadas con muy pocos beneficios para el trabajador en lo que refiere al uso libre de su tiempo. Algo elemental que pocas veces se pone sobre la mesa al hablar de libertad.<\/p>\n\n\n\n<p>De todas formas, la productividad del trabajo, es decir el rendimiento del trabajo realizado por el trabajador, si se reduce la jornada diaria probablemente aumente. Es decir, es probable que, si trabaja menos horas, rinda mejor en t\u00e9rminos relativos y pueda en algunos casos incluso compensar, en t\u00e9rminos de producto o tareas realizadas, la reducci\u00f3n del tiempo debido al mejor rendimiento.<\/p>\n\n\n\n<p>Tanto en los trabajos con mucha carga mental o intelectual como en los que requieren atenci\u00f3n o esfuerzo f\u00edsico, la productividad disminuye con el paso de las horas. No es igual la productividad o rendimiento de la novena hora trabajada que de la primera. Por consiguiente, si reducimos una hora a la jornada laboral mejorar\u00e1 en promedio la productividad del trabajo porque se estar\u00e1 quitando la hora menos productiva, la \u00faltima.<\/p>\n\n\n\n<p>Pero adem\u00e1s, seg\u00fan la experiencia de los lugares en donde se llev\u00f3 adelante la reducci\u00f3n de la jornada, se logr\u00f3 disminuir los accidentes laborales, el ausentismo y la conflictividad laboral. Tambi\u00e9n disminuyen ciertos costos variables como el gasto energ\u00e9tico. Esto demuestra que no es s\u00f3lo una demanda sectorial, sino que conlleva evidentes ventajas para el conjunto de la econom\u00eda incluyendo por supuesto a las empresas involucradas.<\/p>\n\n\n\n<p>Con todo, el aspecto econ\u00f3mico no es el \u00fanico que debemos tomar en cuenta a la hora de adecuar nuestra obsoleta legislaci\u00f3n en la materia.<\/p>\n\n\n\n<p>Cuando se estableci\u00f3 la duraci\u00f3n de la jornada laboral que rige en nuestro pa\u00eds de 48 horas por semana, la sociedad tambi\u00e9n era distinta. Gran parte del trabajo socialmente necesario en las tareas de cuidado eran absorbidas con exclusividad al interior de las familias por las mujeres.<\/p>\n\n\n\n<p>Un ejemplo de esto, que tambi\u00e9n muestra el atraso de nuestras leyes, es el de las licencias parentales por cuidado de hijos e hijas al nacer.<\/p>\n\n\n\n<p>Los trabajadores varones s\u00f3lo tienen por legislaci\u00f3n general tres d\u00edas h\u00e1biles para cuidado, cuando en los pa\u00edses desarrollados estas licencias para no gestantes van de los tres a los doce meses y, seg\u00fan el caso, se distribuyen equitativamente sin distinci\u00f3n de g\u00e9nero entre madres y padres.<\/p>\n\n\n\n<p>La reducci\u00f3n de la jornada tambi\u00e9n permitir\u00eda una mejor distribuci\u00f3n del conjunto de las tareas de cuidado.<\/p>\n\n\n\n<p>En suma, aggiornar nuestra legislaci\u00f3n desactualizada reduciendo la jornada laboral generar\u00eda efectos positivos econ\u00f3micos, sociales, culturales, medioambientales, de igualdad de g\u00e9nero, entre otros.<\/p>\n\n\n\n<p>Por eso es incomprensible la negativa de un sector de los representantes pol\u00edticos incluso a dar el debate, a o\u00edr la opini\u00f3n de las organizaciones sociales, sindicales, empresariales, de los especialistas, de los pa\u00edses que ya legislaron en este sentido.<\/p>\n\n\n\n<p>En definitiva, encarar esta discusi\u00f3n en el parlamento es, ni m\u00e1s ni menos, que cumplir nuestra funci\u00f3n de hacer leyes para intentar que el conjunto de la sociedad viva cada d\u00eda un poco mejor.<\/p>\n\n\n\n<p><strong><em>(*) Diputado nacional por el FdT y secretario general de la CTA de los Trabajadores, autor de uno de los proyectos para reducir la jornada laboral.<\/em><\/strong><\/p>\n","protected":false},"excerpt":{"rendered":"<p>Por Hugo<\/p>\n","protected":false},"author":1,"featured_media":39574,"comment_status":"closed","ping_status":"closed","sticky":false,"template":"","format":"standard","meta":{"footnotes":""},"categories":[7],"tags":[],"class_list":["post-40026","post","type-post","status-publish","format-standard","has-post-thumbnail","hentry","category-opinion"],"_links":{"self":[{"href":"https:\/\/panoramadelsur.com.ar\/index.php?rest_route=\/wp\/v2\/posts\/40026","targetHints":{"allow":["GET"]}}],"collection":[{"href":"https:\/\/panoramadelsur.com.ar\/index.php?rest_route=\/wp\/v2\/posts"}],"about":[{"href":"https:\/\/panoramadelsur.com.ar\/index.php?rest_route=\/wp\/v2\/types\/post"}],"author":[{"embeddable":true,"href":"https:\/\/panoramadelsur.com.ar\/index.php?rest_route=\/wp\/v2\/users\/1"}],"replies":[{"embeddable":true,"href":"https:\/\/panoramadelsur.com.ar\/index.php?rest_route=%2Fwp%2Fv2%2Fcomments&post=40026"}],"version-history":[{"count":1,"href":"https:\/\/panoramadelsur.com.ar\/index.php?rest_route=\/wp\/v2\/posts\/40026\/revisions"}],"predecessor-version":[{"id":40028,"href":"https:\/\/panoramadelsur.com.ar\/index.php?rest_route=\/wp\/v2\/posts\/40026\/revisions\/40028"}],"wp:featuredmedia":[{"embeddable":true,"href":"https:\/\/panoramadelsur.com.ar\/index.php?rest_route=\/wp\/v2\/media\/39574"}],"wp:attachment":[{"href":"https:\/\/panoramadelsur.com.ar\/index.php?rest_route=%2Fwp%2Fv2%2Fmedia&parent=40026"}],"wp:term":[{"taxonomy":"category","embeddable":true,"href":"https:\/\/panoramadelsur.com.ar\/index.php?rest_route=%2Fwp%2Fv2%2Fcategories&post=40026"},{"taxonomy":"post_tag","embeddable":true,"href":"https:\/\/panoramadelsur.com.ar\/index.php?rest_route=%2Fwp%2Fv2%2Ftags&post=40026"}],"curies":[{"name":"wp","href":"https:\/\/api.w.org\/{rel}","templated":true}]}}