{"id":40109,"date":"2023-05-20T01:02:00","date_gmt":"2023-05-20T04:02:00","guid":{"rendered":"https:\/\/panoramadelsur.com.ar\/?p=40109"},"modified":"2023-05-16T15:07:31","modified_gmt":"2023-05-16T18:07:31","slug":"programas-oficiales-evitan-que-en-argentina-1-millon-de-personas-cayeran-en-la-pobreza-en-pandemia","status":"publish","type":"post","link":"https:\/\/panoramadelsur.com.ar\/?p=40109","title":{"rendered":"PROGRAMAS OFICIALES EVITAN QUE EN ARGENTINA 1 MILL\u00d3N DE PERSONAS CAYERAN EN LA POBREZA EN PANDEMIA"},"content":{"rendered":"\n<p>Programas oficiales como Fomentar Empleo y Progresar evitaron que en la Argentina un mill\u00f3n de personas cayeran en la pobreza durante la pandemia de Covid-19, destac\u00f3 esta semana un informe del Banco Mundial.<\/p>\n\n\n\n<p>Durante la pandemia \u00abla mayor\u00eda de los pa\u00edses pudo ampliar los programas existentes en todos los sectores, pero especialmente en los de salud y protecci\u00f3n social. Por ejemplo, Argentina implement\u00f3 ampliaciones del Programa Sumar &#8211; el sucesor del Plan Nacer- para garantizar el acceso de los desempleados al sistema de atenci\u00f3n de la salud\u00bb, destac\u00f3 el informe acerca de los pa\u00edses que beneficiaron a casi 1.400 millones de personas (el 17 % de la poblaci\u00f3n mundial) en el per\u00edodo del 2020-21.<\/p>\n\n\n\n<p>Por otro lado, se destac\u00f3 \u00abla ampliaci\u00f3n del programa Fomentar Empleo y las intervenciones de protecci\u00f3n social que ayudaron a evitar que un mill\u00f3n de personas cayeran en la pobreza\u00bb, al tiempo que se destac\u00f3 el plan Progresar, como mitigantes del impacto negativo en estas \u00e1reas a ra\u00edz de la pandemia.<\/p>\n\n\n\n<p>Sin embargo, el Banco Mundial alert\u00f3 que la tasa de vacunaci\u00f3n y de aprendizaje para menores de 25 a\u00f1os no recuper\u00f3 a\u00fan los niveles prepandemia en varias regiones del mundo, y en particular en la Argentina se perdi\u00f3 un a\u00f1o de clases que a\u00fan no fue recuperado, y, la tasa de vacunas clave, como contra el t\u00e9tanos, disminuy\u00f3 en m\u00e1s que el promedio regional un 10% en 2020 y apenas logr\u00f3 recuperarse por la mitad a fines de 2021.<\/p>\n\n\n\n<p>Estos datos son el resultado del \u00faltimo informe del Banco Mundial \u00b4Colapso y recuperaci\u00f3n: C\u00f3mo la Covid19 erosion\u00f3 el capital humano y qu\u00e9 hacer al respecto\u00b4, donde se analizan indicadores mundiales sobre los impactos de la pandemia en los j\u00f3venes en etapas clave del desarrollo: la primera infancia (de 0 a 5&nbsp;a\u00f1os), la edad escolar (de 6 a 14&nbsp;a\u00f1os) y la juventud (de 15 a 24&nbsp;a\u00f1os).<\/p>\n\n\n\n<p>\u00abEn lo que respecta estrictamente a la Argentina se observ\u00f3 que en lo que se refiere a vacunaci\u00f3n de principales vacunas, la tasa cay\u00f3 10% durante la pandemia &#8211; muy por encima del promedio regional de 7 %-, y se recuper\u00f3 en parte a 5% a fines del 2021, pero no recuper\u00f3 todo lo que perdi\u00f3\u00bb, expres\u00f3 el economista jefe de Desarrollo Humano de la entidad, Norbert Schady, quien se encuentra de visita en la Argentina para la presentaci\u00f3n de un nuevo documento.<\/p>\n\n\n\n<p>Indic\u00f3 adem\u00e1s que en el \u00e1rea de educaci\u00f3n en la Argentina, \u00ablos cierres prolongados de escuelas resultaron en grandes p\u00e9rdidas evidenciadas por la prueba Aprender 2021, equivalentes a casi un a\u00f1o de aprendizaje; es decir, por cada mes que la escuela estuvo cerrada, en promedio los chicos no aprendieron nada, esto quiere decir que si bien hubo sistema hibrido de aprendizaje, y algunos aprendieron, otros que no asistieron al colegio tambi\u00e9n se olvidaron de lo que hab\u00edan aprendido\u00bb dijo Schady.<\/p>\n\n\n\n<p>Asimismo, en los sectores de menores recursos el impacto fue mayor ya que \u00abel porcentaje de estudiantes de bajo nivel socioecon\u00f3mico en el grado 6 con conocimiento del idioma por debajo del nivel b\u00e1sico fue m\u00e1s de tres veces m\u00e1s grande en 2021 que en 2018, aumentando del 13 por ciento al 43 por ciento\u00bb, precis\u00f3 el documento.<\/p>\n\n\n\n<p>El economista advirti\u00f3 que \u00ablos estudiantes de hoy podr\u00edan perder hasta el 10&nbsp;% de sus ingresos futuros debido a la crisis educativa provocada por la Covid-19, y el d\u00e9ficit cognitivo en los ni\u00f1os peque\u00f1os podr\u00eda traducirse en una disminuci\u00f3n del 25&nbsp;% en sus ingresos cuando sean adultos, si no se toman medidas urgentes para reparar el da\u00f1o a menores de 25 a\u00f1os, que son quienes est\u00e1n en las etapas m\u00e1s criticas para la construcci\u00f3n de capital humano\u00bb, subray\u00f3.<\/p>\n\n\n\n<p>En general en el mundo \u00abhubo una destrucci\u00f3n sin precedentes en esta \u00e1rea a ra\u00edz de la pandemia\u00bb, lament\u00f3 Schady.<\/p>\n\n\n\n<p>Por otro lado, el banco consign\u00f3 que hubo \u00abuna fuerte ca\u00edda\u00bb del empleo juvenil, \u00abespecialmente pronunciadas en el inicio de la pandemia en la Argentina, con una tasa del 11%, pero hacia fines de 2021 el empleo juvenil se hab\u00eda recuperado totalmente e incluso hab\u00eda superado los niveles anteriores a la pandemia\u00bb, rescat\u00f3 el informe.<\/p>\n\n\n\n<p>El Banco llam\u00f3 a los pa\u00edses de poner \u00e9nfasis en mayores recursos y pol\u00edticas para cuidar el aspecto del desarrollo humano, algo de lo que no se ha hablado tanto en lo que refiere al impacto que tuvo la pandemia, seg\u00fan la visi\u00f3n de Schady.<\/p>\n\n\n\n<p>Sobre Am\u00e9rica Latina y el Caribe se alert\u00f3 que \u201clas personas que hoy tienen menos de 25&nbsp;a\u00f1os, es decir, las m\u00e1s afectadas por la erosi\u00f3n del capital humano, conformar\u00e1n m\u00e1s del 90% de la fuerza laboral en plena edad productiva en&nbsp;2050\u201d, concluy\u00f3 el economista.<\/p>\n","protected":false},"excerpt":{"rendered":"<p>Programas oficiales<\/p>\n","protected":false},"author":1,"featured_media":39574,"comment_status":"closed","ping_status":"closed","sticky":false,"template":"","format":"standard","meta":{"footnotes":""},"categories":[10,4],"tags":[59],"class_list":["post-40109","post","type-post","status-publish","format-standard","has-post-thumbnail","hentry","category-mas-noticias","category-nacionales","tag-nacionales"],"_links":{"self":[{"href":"https:\/\/panoramadelsur.com.ar\/index.php?rest_route=\/wp\/v2\/posts\/40109","targetHints":{"allow":["GET"]}}],"collection":[{"href":"https:\/\/panoramadelsur.com.ar\/index.php?rest_route=\/wp\/v2\/posts"}],"about":[{"href":"https:\/\/panoramadelsur.com.ar\/index.php?rest_route=\/wp\/v2\/types\/post"}],"author":[{"embeddable":true,"href":"https:\/\/panoramadelsur.com.ar\/index.php?rest_route=\/wp\/v2\/users\/1"}],"replies":[{"embeddable":true,"href":"https:\/\/panoramadelsur.com.ar\/index.php?rest_route=%2Fwp%2Fv2%2Fcomments&post=40109"}],"version-history":[{"count":1,"href":"https:\/\/panoramadelsur.com.ar\/index.php?rest_route=\/wp\/v2\/posts\/40109\/revisions"}],"predecessor-version":[{"id":40111,"href":"https:\/\/panoramadelsur.com.ar\/index.php?rest_route=\/wp\/v2\/posts\/40109\/revisions\/40111"}],"wp:featuredmedia":[{"embeddable":true,"href":"https:\/\/panoramadelsur.com.ar\/index.php?rest_route=\/wp\/v2\/media\/39574"}],"wp:attachment":[{"href":"https:\/\/panoramadelsur.com.ar\/index.php?rest_route=%2Fwp%2Fv2%2Fmedia&parent=40109"}],"wp:term":[{"taxonomy":"category","embeddable":true,"href":"https:\/\/panoramadelsur.com.ar\/index.php?rest_route=%2Fwp%2Fv2%2Fcategories&post=40109"},{"taxonomy":"post_tag","embeddable":true,"href":"https:\/\/panoramadelsur.com.ar\/index.php?rest_route=%2Fwp%2Fv2%2Ftags&post=40109"}],"curies":[{"name":"wp","href":"https:\/\/api.w.org\/{rel}","templated":true}]}}