{"id":40222,"date":"2023-05-19T01:07:00","date_gmt":"2023-05-19T04:07:00","guid":{"rendered":"https:\/\/panoramadelsur.com.ar\/?p=40222"},"modified":"2023-05-18T14:22:56","modified_gmt":"2023-05-18T17:22:56","slug":"estudiantes-quiere-estar-mas-cerca-de-la-punta-e-ira-por-los-tres-puntos-ante-banfield","status":"publish","type":"post","link":"https:\/\/panoramadelsur.com.ar\/?p=40222","title":{"rendered":"ESTUDIANTES QUIERE ESTAR M\u00c1S CERCA DE LA PUNTA E IR\u00c1 POR LOS TRES PUNTOS ANTE BANFIELD"},"content":{"rendered":"\n<p>Estudiantes de La Plata, motivado por una racha de ocho partidos sin derrotas, quiere acercarse a la punta y los puestos de clasificaci\u00f3n para la pr\u00f3xima Copa Libertadores y buscar\u00e1 un triunfo cuando este viernes reciba a un desmejorado Banfield, por la 17ma. fecha de la Liga Profesional de F\u00fatbol (LPF).<\/p>\n\n\n\n<p>El encuentro se jugar\u00e1 en el Estadio Uno Jorge Luis Hirschi, en La Plata, desde las 19, televisado por la TV P\u00fablica, con el arbitraje de Nicol\u00e1s Lamolina y el VAR a cargo de Nazareno Arasa.<\/p>\n\n\n\n<p>Estudiantes suma 28 unidades, est\u00e1 lejos del puntero River Plate, pero la racha positiva incrementa los deseos de superaci\u00f3n y un triunfo ante los banfile\u00f1os lo mantendr\u00eda con chances de ubicarse entre los tres primeros e ingresar en \u00abzona de Libertadores\u00bb.<\/p>\n\n\n\n<p>La llegada de Eduardo Dom\u00ednguez como entrenador fue dura ya que en su segundo partido al frente del equipo cay\u00f3 en el cl\u00e1sico ante Gimnasia, pero tras esa dolorosa derrota el equipo logr\u00f3 20 de 24 puntos y sali\u00f3 de la mitad de la tabla.<\/p>\n\n\n\n<p>Estudiantes, que contar\u00e1 con el regreso de Mauro Boselli por Mauro M\u00e9ndez, jugar\u00e1 el jueves pr\u00f3ximo por el Grupo C de la Copa Sudamericana visitando a Tacuary de Paraguay. El \u00abPincha\u00bb es puntero junto a Bragantino de Brasil y est\u00e1 con grandes posibilidades de clasificar para la pr\u00f3xima fase.<\/p>\n\n\n\n<p>Banfield, con 15 unidades, est\u00e1 a seis del \u00faltimo (Uni\u00f3n) de la LPF que pierde la categor\u00eda y acumula cuatro partidos sin vencer.<\/p>\n\n\n\n<p>En la fecha pasada cay\u00f3 en el \u00faltimo minuto como local ante San Lorenzo en el debut de Julio C\u00e9sar Falcioni, quien inici\u00f3 su quinto ciclo como entrenador del equipo, y seguramente apelar\u00e1 a un esquema defensivo para salir de contra y lastimar al \u00abPincha\u00bb.<\/p>\n\n\n\n<p>En cuanto a los antecedentes, luego de 104 encuentros, la ventaja es peque\u00f1a en favor del equipo platense con 39 victorias contra 36 y 29 empates.<\/p>\n\n\n\n<p>+ Probables formaciones +<\/p>\n\n\n\n<p>Estudiantes: Mariano And\u00fajar; Leonardo Godoy, Santiago N\u00fa\u00f1ez, Luciano Lollo, Zaid Romero y Gast\u00f3n Benedetti; Santiago Ascacibar, Jorge Rodr\u00edguez y Fernando Zuqui; Benjam\u00edn Rollheiser y Mauro Boselli. DT: Federico Dom\u00ednguez<\/p>\n\n\n\n<p>Banfield: Facundo Cambeses; Emanuel Coronel, Emanuel Olivera, Luis Mago y Emanuel Ins\u00faa; Juan Bisanz, Alejandro Cabrera, Brahian Alem\u00e1n e Ignacio Rodr\u00edguez; Andr\u00e9s Chavez o Milton Gim\u00e9nez y Sebasti\u00e1n Sosa S\u00e1nchez. DT: Julio C\u00e9sar Falcioni.<\/p>\n\n\n\n<p>\u00c1rbitro: Nicol\u00e1s Lamolina.<\/p>\n\n\n\n<p>VAR: Nazareno Arasa.<\/p>\n\n\n\n<p>Cancha: Estudiantes de La Plata.<\/p>\n\n\n\n<p>Hora de inicio: 19.<\/p>\n\n\n\n<p>TV: TV P\u00fablica. <\/p>\n","protected":false},"excerpt":{"rendered":"<p>Estudiantes de<\/p>\n","protected":false},"author":1,"featured_media":39574,"comment_status":"closed","ping_status":"closed","sticky":false,"template":"","format":"standard","meta":{"footnotes":""},"categories":[6],"tags":[22,29,50],"class_list":["post-40222","post","type-post","status-publish","format-standard","has-post-thumbnail","hentry","category-deportes","tag-futbol","tag-liga-profesional","tag-lpf"],"_links":{"self":[{"href":"https:\/\/panoramadelsur.com.ar\/index.php?rest_route=\/wp\/v2\/posts\/40222","targetHints":{"allow":["GET"]}}],"collection":[{"href":"https:\/\/panoramadelsur.com.ar\/index.php?rest_route=\/wp\/v2\/posts"}],"about":[{"href":"https:\/\/panoramadelsur.com.ar\/index.php?rest_route=\/wp\/v2\/types\/post"}],"author":[{"embeddable":true,"href":"https:\/\/panoramadelsur.com.ar\/index.php?rest_route=\/wp\/v2\/users\/1"}],"replies":[{"embeddable":true,"href":"https:\/\/panoramadelsur.com.ar\/index.php?rest_route=%2Fwp%2Fv2%2Fcomments&post=40222"}],"version-history":[{"count":1,"href":"https:\/\/panoramadelsur.com.ar\/index.php?rest_route=\/wp\/v2\/posts\/40222\/revisions"}],"predecessor-version":[{"id":40224,"href":"https:\/\/panoramadelsur.com.ar\/index.php?rest_route=\/wp\/v2\/posts\/40222\/revisions\/40224"}],"wp:featuredmedia":[{"embeddable":true,"href":"https:\/\/panoramadelsur.com.ar\/index.php?rest_route=\/wp\/v2\/media\/39574"}],"wp:attachment":[{"href":"https:\/\/panoramadelsur.com.ar\/index.php?rest_route=%2Fwp%2Fv2%2Fmedia&parent=40222"}],"wp:term":[{"taxonomy":"category","embeddable":true,"href":"https:\/\/panoramadelsur.com.ar\/index.php?rest_route=%2Fwp%2Fv2%2Fcategories&post=40222"},{"taxonomy":"post_tag","embeddable":true,"href":"https:\/\/panoramadelsur.com.ar\/index.php?rest_route=%2Fwp%2Fv2%2Ftags&post=40222"}],"curies":[{"name":"wp","href":"https:\/\/api.w.org\/{rel}","templated":true}]}}