{"id":40228,"date":"2023-05-19T01:06:00","date_gmt":"2023-05-19T04:06:00","guid":{"rendered":"https:\/\/panoramadelsur.com.ar\/?p=40228"},"modified":"2023-05-18T16:17:35","modified_gmt":"2023-05-18T19:17:35","slug":"el-gobierno-oficializo-la-distribucion-del-fondo-partidario-permanente-para-las-elecciones-de-2023","status":"publish","type":"post","link":"https:\/\/panoramadelsur.com.ar\/?p=40228","title":{"rendered":"EL GOBIERNO OFICIALIZ\u00d3 LA DISTRIBUCI\u00d3N DEL FONDO PARTIDARIO PERMANENTE PARA LAS ELECCIONES DE 2023"},"content":{"rendered":"\n<p>El Ministerio del Interior, a trav\u00e9s de la Secretar\u00eda de Asuntos Pol\u00edticos y la Direcci\u00f3n Nacional Electoral (DINE), oficializ\u00f3 la distribuci\u00f3n anual del Fondo Partidario Permanente para las elecciones 2023, que asciende a poco m\u00e1s de 455 millones de pesos, seg\u00fan se indic\u00f3 en un comunicado difundido por la cartera que encabeza Eduardo \u00abWado\u00bb de Pedro.<\/p>\n\n\n\n<p>El aporte del Gobierno nacional est\u00e1 destinado al desenvolvimiento institucional de agrupaciones pol\u00edticas de orden nacional y distrital, de acuerdo con lo previsto en los art\u00edculos 9 y 10 de la Ley 26.215 de Financiamiento de los Partidos Pol\u00edticos, detallaron fuentes oficiales.<\/p>\n\n\n\n<p>En ese sentido, se indic\u00f3 que la asignaci\u00f3n de aportes, precisada a trav\u00e9s de la Resoluci\u00f3n 13-2023 del 17 de mayo de 2023, publicada en el Bolet\u00edn Oficial, alcanz\u00f3 a 49 agrupaciones nacionales y 548 provinciales.<\/p>\n\n\n\n<p>Administrado por la DINE, el Fondo Partidario Permanente est\u00e1 conformado por el aporte destinado anualmente por la ley de Presupuesto General de la Naci\u00f3n, y el dinero recaudado de las multas por la aplicaci\u00f3n de la Ley 26.215 y el C\u00f3digo Nacional Electoral, de acuerdo con lo informado por la Justicia Nacional Electoral.<\/p>\n\n\n\n<p>El producto de las liquidaciones de bienes de partidos pol\u00edticos extinguidos, los legados y donaciones; los reintegros efectuados por partidos, confederaciones y alianzas; los aportes privados y los fondos remanentes.<\/p>\n\n\n\n<p>El desenvolvimiento institucional comprende todas las actividades pol\u00edticas, institucionales y administrativas que llevan adelante las agrupaciones pol\u00edticas, en el marco del cumplimiento de la Ley Org\u00e1nica de los Partidos Pol\u00edticos (23.298), y la citada Ley de Financiamiento de los Partidos Pol\u00edticos; as\u00ed como de sus cartas org\u00e1nicas, y las actividades ligadas a la actualizaci\u00f3n, sistematizaci\u00f3n y divulgaci\u00f3n de la doctrina partidaria.<\/p>\n\n\n\n<p>Del monto total destinado al desenvolvimiento institucional, el 20% se distribuye entre todos los partidos de forma igualitaria; mientras que el 80% se asigna de forma proporcional a la cantidad de votos que obtuvo cada partido pol\u00edtico en la \u00faltima elecci\u00f3n de diputados nacionales (siempre que estos sufragios hayan alcanzado al menos el 1% del padr\u00f3n electoral).<\/p>\n\n\n\n<p>En el caso de los partidos nacionales, el aporte se\u00f1alado se distribuye en un 80% para los organismos de distrito, y el 20% para los nacionales.<\/p>\n\n\n\n<p>En el caso de los partidos pol\u00edticos que cuentan \u00fanicamente con reconocimiento de distrito, los recursos disponibles se destinan a sus organismos partidarios.<\/p>\n\n\n\n<p>En tanto, los aportes recibidos deben ser destinados exclusivamente al desenvolvimiento institucional, el financiamiento de actividades de capacitaci\u00f3n para la funci\u00f3n p\u00fablica y la formaci\u00f3n de dirigentes e investigaci\u00f3n.<\/p>\n\n\n\n<p>La Secretar\u00eda de Asuntos Pol\u00edticos tiene a su cargo todo lo relativo a cuestiones electorales y a las organizaciones pol\u00edticas del pa\u00eds.<\/p>\n\n\n\n<p>La DINE -dependiente de Asuntos Pol\u00edticos del Ministerio del Interior- es el organismo t\u00e9cnico del Poder Ejecutivo Nacional especializado en materia de administraci\u00f3n electoral.<\/p>\n\n\n\n<p>Desde la DINE se programa y ejecuta la pol\u00edtica nacional electoral, con la implementaci\u00f3n de herramientas para asegurar la transparencia, la seguridad y la confiabilidad del proceso electoral en su conjunto. <\/p>\n","protected":false},"excerpt":{"rendered":"<p>El Ministerio<\/p>\n","protected":false},"author":1,"featured_media":39574,"comment_status":"closed","ping_status":"closed","sticky":false,"template":"","format":"standard","meta":{"footnotes":""},"categories":[4],"tags":[532,59],"class_list":["post-40228","post","type-post","status-publish","format-standard","has-post-thumbnail","hentry","category-nacionales","tag-elecciones","tag-nacionales"],"_links":{"self":[{"href":"https:\/\/panoramadelsur.com.ar\/index.php?rest_route=\/wp\/v2\/posts\/40228","targetHints":{"allow":["GET"]}}],"collection":[{"href":"https:\/\/panoramadelsur.com.ar\/index.php?rest_route=\/wp\/v2\/posts"}],"about":[{"href":"https:\/\/panoramadelsur.com.ar\/index.php?rest_route=\/wp\/v2\/types\/post"}],"author":[{"embeddable":true,"href":"https:\/\/panoramadelsur.com.ar\/index.php?rest_route=\/wp\/v2\/users\/1"}],"replies":[{"embeddable":true,"href":"https:\/\/panoramadelsur.com.ar\/index.php?rest_route=%2Fwp%2Fv2%2Fcomments&post=40228"}],"version-history":[{"count":1,"href":"https:\/\/panoramadelsur.com.ar\/index.php?rest_route=\/wp\/v2\/posts\/40228\/revisions"}],"predecessor-version":[{"id":40230,"href":"https:\/\/panoramadelsur.com.ar\/index.php?rest_route=\/wp\/v2\/posts\/40228\/revisions\/40230"}],"wp:featuredmedia":[{"embeddable":true,"href":"https:\/\/panoramadelsur.com.ar\/index.php?rest_route=\/wp\/v2\/media\/39574"}],"wp:attachment":[{"href":"https:\/\/panoramadelsur.com.ar\/index.php?rest_route=%2Fwp%2Fv2%2Fmedia&parent=40228"}],"wp:term":[{"taxonomy":"category","embeddable":true,"href":"https:\/\/panoramadelsur.com.ar\/index.php?rest_route=%2Fwp%2Fv2%2Fcategories&post=40228"},{"taxonomy":"post_tag","embeddable":true,"href":"https:\/\/panoramadelsur.com.ar\/index.php?rest_route=%2Fwp%2Fv2%2Ftags&post=40228"}],"curies":[{"name":"wp","href":"https:\/\/api.w.org\/{rel}","templated":true}]}}