{"id":40231,"date":"2023-05-19T01:05:00","date_gmt":"2023-05-19T04:05:00","guid":{"rendered":"https:\/\/panoramadelsur.com.ar\/?p=40231"},"modified":"2023-05-18T16:25:47","modified_gmt":"2023-05-18T19:25:47","slug":"rodriguez-la-produccion-fruticola-es-un-sector-que-tiene-muchisimo-potencial-de-crecimiento","status":"publish","type":"post","link":"https:\/\/panoramadelsur.com.ar\/?p=40231","title":{"rendered":"RODR\u00cdGUEZ: \u00abLA PRODUCCI\u00d3N FRUT\u00cdCOLA ES UN SECTOR QUE TIENE MUCH\u00cdSIMO POTENCIAL DE CRECIMIENTO\u00bb"},"content":{"rendered":"\n<p>El ministro de Desarrollo Agrario de la provincia de Buenos Aires, Javier Rodr\u00edguez, sostuvo que \u00abla producci\u00f3n frut\u00edcola es un sector que tiene much\u00edsimo potencial de crecimiento\u00bb, al realizar el lanzamiento del Programa de Fomento a la Fruticultura 2023, que busca apoyar y fortalecer la actividad en todo el territorio bonaerense.<\/p>\n\n\n\n<p>La iniciativa tiene el objetivo de contribuir a la diversidad productiva sustentable y sostenible, el aumento de la superficie frut\u00edcola, el agregado de valor local y el arraigo mediante la entrega de \u00e1rboles frutales multiespecies, con variedades adaptadas a las diferentes regiones de la provincia, aportes no reintegrables y acompa\u00f1amiento t\u00e9cnico.<\/p>\n\n\n\n<p>\u201cEstamos presentando una nueva edici\u00f3n del programa de impulso a la producci\u00f3n frut\u00edcola bonaerense porque sabemos que se trata de un sector que tiene much\u00edsimo potencial para crecer y generar agregado de valor y desarrollo local. Por eso, generamos pol\u00edticas y l\u00edneas de financiamiento espec\u00edficas que puedan acompa\u00f1ar y potenciar la actividad en toda la provincia de Buenos Aires\u201d, indic\u00f3 Rodr\u00edguez.<\/p>\n\n\n\n<p>Dijo que la producci\u00f3n agropecuaria \u00abno se centra s\u00f3lo en la producci\u00f3n de granos y carnes sino que se trata de una variedad de producciones que nuclea a una gran diversidad de productoras y productores tambi\u00e9n\u00bb, y que por ese motivo se generan \u00abacciones diferenciadas que tengan en cuenta las caracter\u00edsticas y necesidades de cada una\u201d.<\/p>\n\n\n\n<p>El programa de Fomento a la Fruticultura Bonaerense est\u00e1 destinado a productores que integren proyectos colectivos y que se inicien en la actividad; productores y productoras frut\u00edcolas con perfil agroecol\u00f3gico; asociaciones, cooperativas, escuelas agropecuarias, cooperadoras, organismos provinciales o municipales, entre otros.<\/p>\n\n\n\n<p>Los beneficiarios del programa recibir\u00e1n hasta 100 \u00e1rboles de las siguientes especies: mandarina, naranja, lim\u00f3n, ciruela, durazno, manzana, pera, membrillo, pec\u00e1n, olivo, kiwi y frambuesa, y los ejemplares deber\u00e1n ser retirados por la Estaci\u00f3n Forestal del Parque Pereyra Iraola, en el partido de Berazategui.<\/p>\n\n\n\n<p>A su vez, la iniciativa comprende una L\u00ednea de Financiamiento Frut\u00edcola del Ministerio de Desarrollo Agrario y el Banco Provincia de Buenos Aires, que ofrece cr\u00e9ditos de hasta $15.000.000, por siete a\u00f1os y con dos a\u00f1os de gracia para la implantaci\u00f3n de nuevas hect\u00e1reas de montes frutales.<\/p>\n\n\n\n<p>Tambi\u00e9n se ofrecen aportes no reintegrables de hasta $150.000 para solventar los gastos de implantaci\u00f3n de las plantas recibidas en el marco del programa.<\/p>\n\n\n\n<p>En 2022, se llev\u00f3 a cabo la primera convocatoria del programa que entreg\u00f3 m\u00e1s de 16.000 \u00e1rboles frutales a municipios, cooperativas, instituciones educativas, chacras experimentales, y productores de la provincia de Buenos Aires.<\/p>\n\n\n\n<p>Durante ese a\u00f1o se aprobaron 16 cr\u00e9ditos por un total de $140.000.000 y 62 aportes no reintegrables por $9.300.000, y todos los beneficiarios y beneficiarias tambi\u00e9n contaron con el acompa\u00f1amiento t\u00e9cnico y la asistencia de personal de la cartera agraria, que supervis\u00f3 la implantaci\u00f3n de las especies entregadas.<\/p>\n","protected":false},"excerpt":{"rendered":"<p>El ministro<\/p>\n","protected":false},"author":1,"featured_media":39574,"comment_status":"closed","ping_status":"closed","sticky":false,"template":"","format":"standard","meta":{"footnotes":""},"categories":[5],"tags":[28,27],"class_list":["post-40231","post","type-post","status-publish","format-standard","has-post-thumbnail","hentry","category-provincia","tag-gba","tag-provincia"],"_links":{"self":[{"href":"https:\/\/panoramadelsur.com.ar\/index.php?rest_route=\/wp\/v2\/posts\/40231","targetHints":{"allow":["GET"]}}],"collection":[{"href":"https:\/\/panoramadelsur.com.ar\/index.php?rest_route=\/wp\/v2\/posts"}],"about":[{"href":"https:\/\/panoramadelsur.com.ar\/index.php?rest_route=\/wp\/v2\/types\/post"}],"author":[{"embeddable":true,"href":"https:\/\/panoramadelsur.com.ar\/index.php?rest_route=\/wp\/v2\/users\/1"}],"replies":[{"embeddable":true,"href":"https:\/\/panoramadelsur.com.ar\/index.php?rest_route=%2Fwp%2Fv2%2Fcomments&post=40231"}],"version-history":[{"count":1,"href":"https:\/\/panoramadelsur.com.ar\/index.php?rest_route=\/wp\/v2\/posts\/40231\/revisions"}],"predecessor-version":[{"id":40233,"href":"https:\/\/panoramadelsur.com.ar\/index.php?rest_route=\/wp\/v2\/posts\/40231\/revisions\/40233"}],"wp:featuredmedia":[{"embeddable":true,"href":"https:\/\/panoramadelsur.com.ar\/index.php?rest_route=\/wp\/v2\/media\/39574"}],"wp:attachment":[{"href":"https:\/\/panoramadelsur.com.ar\/index.php?rest_route=%2Fwp%2Fv2%2Fmedia&parent=40231"}],"wp:term":[{"taxonomy":"category","embeddable":true,"href":"https:\/\/panoramadelsur.com.ar\/index.php?rest_route=%2Fwp%2Fv2%2Fcategories&post=40231"},{"taxonomy":"post_tag","embeddable":true,"href":"https:\/\/panoramadelsur.com.ar\/index.php?rest_route=%2Fwp%2Fv2%2Ftags&post=40231"}],"curies":[{"name":"wp","href":"https:\/\/api.w.org\/{rel}","templated":true}]}}