{"id":40237,"date":"2023-05-19T01:06:00","date_gmt":"2023-05-19T04:06:00","guid":{"rendered":"https:\/\/panoramadelsur.com.ar\/?p=40237"},"modified":"2023-05-18T16:47:02","modified_gmt":"2023-05-18T19:47:02","slug":"kicillof-inauguro-nueva-sede-del-ips-y-dijo-que-trabaja-para-mejorar-la-vida-de-los-bonaerenses","status":"publish","type":"post","link":"https:\/\/panoramadelsur.com.ar\/?p=40237","title":{"rendered":"KICILLOF INAUGUR\u00d3 NUEVA SEDE DEL IPS Y DIJO QUE TRABAJA \u00abPARA MEJORAR LA VIDA DE LOS BONAERENSES\u00bb"},"content":{"rendered":"\n<p>El gobernador de la provincia de Buenos Aires, Axel Kicillof, inaugur\u00f3 una nueva sede del Instituto de Previsi\u00f3n Social (IPS) en el municipio de Suipacha y asegur\u00f3 que trabaja \u00abpara mejorar la vida de los bonaerenses\u00bb.<\/p>\n\n\n\n<p>El mandatario provincial estuvo acompa\u00f1ado por la vicegobernadora, Ver\u00f3nica Magario, y por la presidenta del IPS, Marina Moretti, se inform\u00f3 en un comunicado, en el que se indic\u00f3 que la apertura del nuevo edificio se enmarca \u00aben la pol\u00edtica de territorializaci\u00f3n que se viene gestando desde el a\u00f1o pasado\u00bb.<\/p>\n\n\n\n<p>Kicillof destac\u00f3 que \u201ccon todas estas pol\u00edticas estamos demostrando que en la provincia ya no se discrimina por el color pol\u00edtico del intendente de un municipio: trabajamos para mejorar la vida de todos y todas las bonaerenses\u201d.<\/p>\n\n\n\n<p>\u201cLo hacemos impulsando la presencia de un Estado que acerca al IPS, construye viviendas y realiza las obras que se necesitan en Suipacha y todo el interior de la provincia de Buenos Aires\u201d, remarc\u00f3 el mandatario.<\/p>\n\n\n\n<p>En ese sentido, Moretti agreg\u00f3: \u201cHace varios meses que ven\u00edamos trabajando en esta posibilidad, encontramos actores comprometidos como el concejal Juan Luis Mancini que nos acompa\u00f1\u00f3 durante toda la gesti\u00f3n y nos ayud\u00f3 a encontrar el mejor lugar para una oficina muy necesaria para esta comunidad\u201d.<\/p>\n\n\n\n<p>En Suipacha residen 537 beneficiarios del IPS con un haber contributivo promedio mensual de $208.894. De esta manera la Caja de las y los trabajadores realiza una inversi\u00f3n mensual de 80 millones de pesos en la localidad, garantizando el acceso a la seguridad social de la comunidad suipachense.<\/p>\n\n\n\n<p>Desde el organismo se puntualiz\u00f3 que \u00abdesde la asunci\u00f3n de Moretti a principios del 2022 se inici\u00f3 un proceso de territorializaci\u00f3n, que en menos de un a\u00f1o y medio arroj\u00f3 como resultado la puesta en funcionamiento de 14 nuevas unidades de atenci\u00f3n en las ciudades de Derqui; Capilla del Se\u00f1or; San Andr\u00e9s de Giles; Las Heras; Alejandro Korn; Maip\u00fa; Carlos Tejedor; San Mart\u00edn; Villarino; Tornquist; Rivadavia, Escobar, Baradero y ahora Suipacha\u00bb.<\/p>\n\n\n\n<p>Adem\u00e1s, se indic\u00f3 que \u00abse mejoraron las instalaciones de oficinas ya existentes para una atenci\u00f3n acorde a las necesidades de las personas jubiladas y pensionadas en las localidades de Mar del Plata, Olavarr\u00eda y San Nicol\u00e1s\u00bb.<\/p>\n\n\n\n<p>La nueva oficina en Suipacha se encuentra ubicada en la calle Avenida Belgrano 233 entre calle 25 de mayo y Balcarce, su horario de atenci\u00f3n es de 8.30 a 13.30 de lunes a viernes. <\/p>\n","protected":false},"excerpt":{"rendered":"<p>El gobernador<\/p>\n","protected":false},"author":1,"featured_media":39574,"comment_status":"closed","ping_status":"closed","sticky":false,"template":"","format":"standard","meta":{"footnotes":""},"categories":[5],"tags":[28,27],"class_list":["post-40237","post","type-post","status-publish","format-standard","has-post-thumbnail","hentry","category-provincia","tag-gba","tag-provincia"],"_links":{"self":[{"href":"https:\/\/panoramadelsur.com.ar\/index.php?rest_route=\/wp\/v2\/posts\/40237","targetHints":{"allow":["GET"]}}],"collection":[{"href":"https:\/\/panoramadelsur.com.ar\/index.php?rest_route=\/wp\/v2\/posts"}],"about":[{"href":"https:\/\/panoramadelsur.com.ar\/index.php?rest_route=\/wp\/v2\/types\/post"}],"author":[{"embeddable":true,"href":"https:\/\/panoramadelsur.com.ar\/index.php?rest_route=\/wp\/v2\/users\/1"}],"replies":[{"embeddable":true,"href":"https:\/\/panoramadelsur.com.ar\/index.php?rest_route=%2Fwp%2Fv2%2Fcomments&post=40237"}],"version-history":[{"count":1,"href":"https:\/\/panoramadelsur.com.ar\/index.php?rest_route=\/wp\/v2\/posts\/40237\/revisions"}],"predecessor-version":[{"id":40239,"href":"https:\/\/panoramadelsur.com.ar\/index.php?rest_route=\/wp\/v2\/posts\/40237\/revisions\/40239"}],"wp:featuredmedia":[{"embeddable":true,"href":"https:\/\/panoramadelsur.com.ar\/index.php?rest_route=\/wp\/v2\/media\/39574"}],"wp:attachment":[{"href":"https:\/\/panoramadelsur.com.ar\/index.php?rest_route=%2Fwp%2Fv2%2Fmedia&parent=40237"}],"wp:term":[{"taxonomy":"category","embeddable":true,"href":"https:\/\/panoramadelsur.com.ar\/index.php?rest_route=%2Fwp%2Fv2%2Fcategories&post=40237"},{"taxonomy":"post_tag","embeddable":true,"href":"https:\/\/panoramadelsur.com.ar\/index.php?rest_route=%2Fwp%2Fv2%2Ftags&post=40237"}],"curies":[{"name":"wp","href":"https:\/\/api.w.org\/{rel}","templated":true}]}}