{"id":40241,"date":"2023-05-19T01:05:00","date_gmt":"2023-05-19T04:05:00","guid":{"rendered":"https:\/\/panoramadelsur.com.ar\/?p=40241"},"modified":"2023-05-18T17:00:52","modified_gmt":"2023-05-18T20:00:52","slug":"para-cafiero-las-paso-posibilitan-ampliar-una-unidad-que-permita-al-fdt-ganar-las-elecciones","status":"publish","type":"post","link":"https:\/\/panoramadelsur.com.ar\/?p=40241","title":{"rendered":"PARA CAFIERO, LAS PASO POSIBILITAN \u00abAMPLIAR UNA UNIDAD\u00bb QUE PERMITA AL FDT \u00abGANAR LAS ELECCIONES\u00bb"},"content":{"rendered":"\n<p>El canciller Santiago Cafiero afirm\u00f3 que las primarias abiertas simult\u00e1neas y obligatorias (PASO) posibilitar\u00e1n \u00abampliar la unidad\u00bb para que el Frente de Todos (FdT) pueda \u00abganar las elecciones\u00bb y llam\u00f3 a \u00abvolver a enamorar\u00bb a la ciudadan\u00eda con un plan de gobierno.<\/p>\n\n\n\n<p>\u00abEs necesario desalambrar el peronismo y que el programa se consolide en las PASO. Tenemos que utilizar esa herramienta para democratizar la discusi\u00f3n. Creemos fervientemente que las internas no son una lucha, si no la posibilidad de ampliar una unidad que nos permita ganar las elecciones\u00bb, afirm\u00f3 Cafiero en declaraciones formuladas a Radio 10.<\/p>\n\n\n\n<p>El ministro de Relaciones Exteriores y Culto llam\u00f3 a \u00abconstruir un programa de gobierno y volver a enamorar\u00bb a la ciudadan\u00eda con propuestas que cuenten con la \u00abclaridad suficiente de lo que necesita\u00bb el pa\u00eds.<\/p>\n\n\n\n<p>\u00abEs un debate que hay que hacer dentro del FdT. Los matices y las diferencias dentro del peronismo tienen que expresarse para ampliar las bases de sustentaci\u00f3n. La discusi\u00f3n tambi\u00e9n tiene que ser en la calle y de cara a la sociedad\u00bb, remarc\u00f3.<\/p>\n\n\n\n<p>El canciller plante\u00f3 que \u00abno nos tiene que ganar el des\u00e1nimo\u00bb porque \u00abla Argentina es un pa\u00eds maravilloso\u00bb y los militantes del oficialismo \u00abtiene que pelear por \u00e9l\u00bb.<\/p>\n\n\n\n<p>\u00abTenemos calidad y talento a la hora de producir. Por eso la Argentina sigue ganando mercados. Tenemos econom\u00eda de conocimiento. Competimos en el mercado y exportamos con toda su estructura productiva. El peronismo llev\u00f3 siempre a imponer un proyecto productivo y de trabajo y es lo que estamos haciendo con el presidente (Alberto Fern\u00e1ndez)\u00bb destac\u00f3.<\/p>\n\n\n\n<p>Adem\u00e1s, se\u00f1al\u00f3 que se logr\u00f3 \u00abr\u00e9cord de exportaciones durante 2022&#8243; y de tasa de inversiones\u00bb.<\/p>\n\n\n\n<p>El funcionario se encuentra participando de diferentes reuniones con empresarios mexicanos que consider\u00f3 \u00abmuy importantes\u00bb para que los productores argentinos ganen mercados.<\/p>\n\n\n\n<p>\u00abHay una afinidad pol\u00edtica entre el presidente Alberto Fern\u00e1ndez y Andr\u00e9s Manuel L\u00f3pez Obrador, pero lo cierto es que el comercio entre Argentina y M\u00e9xico esta muy por debajo de esa relaci\u00f3n afectiva. En estas rondas de negocios es una gran oportunidad para que mas productos argentinos lleguen a las g\u00f3ndolas mexicanas\u00bb, complet\u00f3. <\/p>\n","protected":false},"excerpt":{"rendered":"<p>El canciller<\/p>\n","protected":false},"author":1,"featured_media":39574,"comment_status":"closed","ping_status":"closed","sticky":false,"template":"","format":"standard","meta":{"footnotes":""},"categories":[4],"tags":[59,621],"class_list":["post-40241","post","type-post","status-publish","format-standard","has-post-thumbnail","hentry","category-nacionales","tag-nacionales","tag-santiago-cafiero"],"_links":{"self":[{"href":"https:\/\/panoramadelsur.com.ar\/index.php?rest_route=\/wp\/v2\/posts\/40241","targetHints":{"allow":["GET"]}}],"collection":[{"href":"https:\/\/panoramadelsur.com.ar\/index.php?rest_route=\/wp\/v2\/posts"}],"about":[{"href":"https:\/\/panoramadelsur.com.ar\/index.php?rest_route=\/wp\/v2\/types\/post"}],"author":[{"embeddable":true,"href":"https:\/\/panoramadelsur.com.ar\/index.php?rest_route=\/wp\/v2\/users\/1"}],"replies":[{"embeddable":true,"href":"https:\/\/panoramadelsur.com.ar\/index.php?rest_route=%2Fwp%2Fv2%2Fcomments&post=40241"}],"version-history":[{"count":1,"href":"https:\/\/panoramadelsur.com.ar\/index.php?rest_route=\/wp\/v2\/posts\/40241\/revisions"}],"predecessor-version":[{"id":40243,"href":"https:\/\/panoramadelsur.com.ar\/index.php?rest_route=\/wp\/v2\/posts\/40241\/revisions\/40243"}],"wp:featuredmedia":[{"embeddable":true,"href":"https:\/\/panoramadelsur.com.ar\/index.php?rest_route=\/wp\/v2\/media\/39574"}],"wp:attachment":[{"href":"https:\/\/panoramadelsur.com.ar\/index.php?rest_route=%2Fwp%2Fv2%2Fmedia&parent=40241"}],"wp:term":[{"taxonomy":"category","embeddable":true,"href":"https:\/\/panoramadelsur.com.ar\/index.php?rest_route=%2Fwp%2Fv2%2Fcategories&post=40241"},{"taxonomy":"post_tag","embeddable":true,"href":"https:\/\/panoramadelsur.com.ar\/index.php?rest_route=%2Fwp%2Fv2%2Ftags&post=40241"}],"curies":[{"name":"wp","href":"https:\/\/api.w.org\/{rel}","templated":true}]}}