{"id":40268,"date":"2023-05-19T01:07:00","date_gmt":"2023-05-19T04:07:00","guid":{"rendered":"https:\/\/panoramadelsur.com.ar\/?p=40268"},"modified":"2023-05-18T19:11:38","modified_gmt":"2023-05-18T22:11:38","slug":"buenos-aires-registro-en-marzo-exportaciones-por-mas-de-us-2-300-millones","status":"publish","type":"post","link":"https:\/\/panoramadelsur.com.ar\/?p=40268","title":{"rendered":"BUENOS AIRES REGISTR\u00d3 EN MARZO EXPORTACIONES POR M\u00c1S DE US$ 2.300 MILLONES"},"content":{"rendered":"\n<p>Las exportaciones bonaerenses durante marzo superaron los US$ 2.300 millones, y Brasil fue el destino m\u00e1s importante con un 26,9 % de las ventas externas, en tanto el Mercosur se consolid\u00f3 como la principal zona de destino con un 33,6% de las ventas, inform\u00f3 el Ministerio de Hacienda y Finanzas provincial.<\/p>\n\n\n\n<p>\u00abEn marzo, las exportaciones bonaerenses superaron los US$ 2.300 millones. La sequ\u00eda contin\u00faa golpeando a los complejos agr\u00edcolas. A pesar de una reducci\u00f3n interanual en las ventas de 18,3%, el desempe\u00f1o exportador supera el promedio de la \u00faltima d\u00e9cada\u00bb, poste\u00f3 el ministro de Hacienda, Pablo L\u00f3pez.<\/p>\n\n\n\n<p>El funcionario precis\u00f3 que \u00aben marzo, las ventas de productos primarios cayeron 43% (una reducci\u00f3n de USD 306 M). El impacto se observa mayormente en el trigo y, en menor medida, ma\u00edz y cebada\u00bb.<\/p>\n\n\n\n<p>\u00abLa sequ\u00eda tambi\u00e9n afecta a las manufacturas agropecuarias (-26,2%), fundamentalmente a los derivados de la soja\u00bb, afirm\u00f3.<\/p>\n\n\n\n<p>L\u00f3pez explic\u00f3 que \u00aben el primer trimestre del a\u00f1o, la diversidad exportadora de la provincia permiti\u00f3 atenuar la adversidad meteorol\u00f3gica. Las exportaciones industriales se expandieron 2,4% y las energ\u00e9ticas 16,7%, aportando en conjunto mayores ventas por US$ 180 millones en comparaci\u00f3n con 2022\u00bb.<\/p>\n\n\n\n<p>\u00abLa Provincia -remarc\u00f3- explic\u00f3 un 40,5 % del total de las ventas externas del pa\u00eds en marzo; la participaci\u00f3n m\u00e1s alta de los \u00faltimos 4 a\u00f1os. Esto se explica por la alta incidencia bonaerense en las exportaciones industriales de la Naci\u00f3n, que ascendi\u00f3 al 55,2%\u00bb.<\/p>\n\n\n\n<p>El ministro tambi\u00e9n reconoci\u00f3 que \u00abla sequ\u00eda afect\u00f3 severamente las cantidades y valores exportados de los principales productos primarios y sus derivados. Es importante destacar el aporte compensatorio de los complejos industriales y energ\u00e9ticos bonaerenses, importantes en la mitigaci\u00f3n de da\u00f1os\u00bb.<\/p>\n\n\n\n<p>El informe de las exportaciones de marzo precisa que \u00e9stas alcanzaron los US$2.319 millones y disminuyeron 18,3% interanual.<\/p>\n\n\n\n<p>El descenso se explic\u00f3 principalmente por la incidencia negativa de los Productos Primarios (PP) de 10,8 p.p. a causa de la menor venta externa de Trigo.<\/p>\n\n\n\n<p>&#x1f539;La sequ\u00eda contin\u00faa golpeando a los complejos agr\u00edcolas<\/p>\n\n\n\n<p>&#x1f539;A pesar de una reducci\u00f3n interanual en las ventas de 18,3%, el desempe\u00f1o exportador supera el promedio de la \u00faltima d\u00e9cada<\/p>\n\n\n\n<p>La incidencia de las Manufacturas de Origen Agropecuario (MOA) fue de-8,4 p.p. por menores ventas externas de Aceite de soja y de Harinas y pellets de la extracci\u00f3n del aceite de soja.<\/p>\n\n\n\n<p>Las Manufacturas de Origen Industrial (MOI) fueron el rubro de mayor peso con 42,8%.<\/p>\n\n\n\n<p>La provincia de Buenos Aires aport\u00f3 el 40,5% del valor de las ventas externas del pa\u00eds y las exportaciones fueron un 20,5% mayores que el promedio para el mismo mes del per\u00edodo 2010-2022.<\/p>\n\n\n\n<p>Para un mes de marzo, las exportaciones totales, Combustibles y Energ\u00eda (CyE) y las MOA tuvieron el segundo mayor valor luego del registrado en 2022.<\/p>\n\n\n\n<p>El Mercosur fue la principal zona destino con 33,6% de las exportaciones y exhibi\u00f3 un ascenso de 9,1%.<\/p>\n\n\n\n<p>Brasil fue el destino m\u00e1s importante con 26,9% de las ventas externas bonaerenses con un aumento interanual de 9,2%; en tanto el 45,0% de las Manufacturas de Origen Industrial vendidas tuvieron como destino Brasil.<\/p>\n","protected":false},"excerpt":{"rendered":"<p>Las exportaciones<\/p>\n","protected":false},"author":1,"featured_media":39574,"comment_status":"closed","ping_status":"closed","sticky":false,"template":"","format":"standard","meta":{"footnotes":""},"categories":[5],"tags":[28,27],"class_list":["post-40268","post","type-post","status-publish","format-standard","has-post-thumbnail","hentry","category-provincia","tag-gba","tag-provincia"],"_links":{"self":[{"href":"https:\/\/panoramadelsur.com.ar\/index.php?rest_route=\/wp\/v2\/posts\/40268","targetHints":{"allow":["GET"]}}],"collection":[{"href":"https:\/\/panoramadelsur.com.ar\/index.php?rest_route=\/wp\/v2\/posts"}],"about":[{"href":"https:\/\/panoramadelsur.com.ar\/index.php?rest_route=\/wp\/v2\/types\/post"}],"author":[{"embeddable":true,"href":"https:\/\/panoramadelsur.com.ar\/index.php?rest_route=\/wp\/v2\/users\/1"}],"replies":[{"embeddable":true,"href":"https:\/\/panoramadelsur.com.ar\/index.php?rest_route=%2Fwp%2Fv2%2Fcomments&post=40268"}],"version-history":[{"count":1,"href":"https:\/\/panoramadelsur.com.ar\/index.php?rest_route=\/wp\/v2\/posts\/40268\/revisions"}],"predecessor-version":[{"id":40270,"href":"https:\/\/panoramadelsur.com.ar\/index.php?rest_route=\/wp\/v2\/posts\/40268\/revisions\/40270"}],"wp:featuredmedia":[{"embeddable":true,"href":"https:\/\/panoramadelsur.com.ar\/index.php?rest_route=\/wp\/v2\/media\/39574"}],"wp:attachment":[{"href":"https:\/\/panoramadelsur.com.ar\/index.php?rest_route=%2Fwp%2Fv2%2Fmedia&parent=40268"}],"wp:term":[{"taxonomy":"category","embeddable":true,"href":"https:\/\/panoramadelsur.com.ar\/index.php?rest_route=%2Fwp%2Fv2%2Fcategories&post=40268"},{"taxonomy":"post_tag","embeddable":true,"href":"https:\/\/panoramadelsur.com.ar\/index.php?rest_route=%2Fwp%2Fv2%2Ftags&post=40268"}],"curies":[{"name":"wp","href":"https:\/\/api.w.org\/{rel}","templated":true}]}}