{"id":40283,"date":"2023-05-19T01:10:00","date_gmt":"2023-05-19T04:10:00","guid":{"rendered":"https:\/\/panoramadelsur.com.ar\/?p=40283"},"modified":"2023-05-18T20:12:25","modified_gmt":"2023-05-18T23:12:25","slug":"mayra-recorrio-las-obras-de-infraestructura-realizadas-en-la-escuela-secundaria-no-58-de-la-ribera","status":"publish","type":"post","link":"https:\/\/panoramadelsur.com.ar\/?p=40283","title":{"rendered":"MAYRA RECORRI\u00d3 LAS OBRAS DE INFRAESTRUCTURA REALIZADAS EN LA ESCUELA SECUNDARIA N\u00ba 58 DE LA RIBERA"},"content":{"rendered":"\n<p>La intendenta de Quilmes, Mayra Mendoza, recorri\u00f3&nbsp;ayer jueves la Escuela Secundaria N\u00ba 58, ubicada en la calle Alsina&nbsp;y Marinero L\u00f3pez,&nbsp;en el barrio La Ribera de Quilmes, donde destac\u00f3 las obras de infraestructura destinadas a la ampliaci\u00f3n de aulas y la planta de trabajo.<\/p>\n\n\n\n<p>\u201cEs importante llegar a la escuela y que sea linda. Si bien la instituci\u00f3n ya es linda por su naturaleza, por su ecosistema como tambi\u00e9n por su parte humana, adem\u00e1s la infraestructura tiene que ser linda. Cumple el rol de una segunda casa, as\u00ed que los chicos y los docentes tienen que sentirse c\u00f3modos, tienen que ser espacios aptos y dignos\u201d, destac\u00f3 Mayra.<\/p>\n\n\n\n<p>En la misma l\u00ednea, Pablo Qui\u00f1\u00f3nez, director de la Escuela Secundaria N\u00ba 58, coment\u00f3: \u00abEstas obras fueron una lucha de varios a\u00f1os y un reclamo hist\u00f3rico, tanto el pedido de agrandar la escuela, de tener m\u00e1s salones, un espacio para un SUM, como las obras que complementan lo de la planta depuradora. Se siente muy bien contar con el Estado, con un gobierno que dignifica la educaci\u00f3n y que pone tambi\u00e9n en valor al barrio, a la comunidad. Estas obras van a beneficiar a m\u00e1s de 150 chicos y a m\u00e1s de 100 familias\u00bb.<\/p>\n\n\n\n<p>En el terreno intervenido a trav\u00e9s de esta obra, exist\u00eda una planta de desechos cloacales que abastec\u00eda a las Escuela Secundaria N\u00ba 58, la Escuela Primaria N\u00ba 79, el Jard\u00edn de Infantes N\u00ba 917, y la Escuela de Educaci\u00f3n Especial N\u00ba 506.&nbsp;Dicha Planta se encontraba obsoleta y en desuso, por lo cual en el \u00faltimo tiempo, un cami\u00f3n atmosf\u00e9rico realizaba tareas sistem\u00e1ticas de limpieza para garantizar el funcionamiento de las instituciones.<\/p>\n\n\n\n<p>La obra consiste en la demolici\u00f3n de la antigua planta&nbsp;atmosf\u00e9rica&nbsp;abandonada, y en la construcci\u00f3n de una planta m\u00e1s&nbsp;moderna, reducida y m\u00e1s eficiente, en el mismo lote.&nbsp;Y en esa superficie que queda&nbsp;vacante se&nbsp;est\u00e1 construyendo&nbsp;un aula, una Direcci\u00f3n, una Secretar\u00eda, y un Sal\u00f3n de Usos M\u00faltiples&nbsp;para la Escuela&nbsp;Secundaria N\u00ba 58, logrando de esa manera independizarla de la Primaria N\u00ba 79 y devolvi\u00e9ndole a esta \u00faltima un sector m\u00e1s.<\/p>\n\n\n\n<p>Durante la jornada, los chicos de nivel secundario de este establecimiento, recibieron libros de texto, en el marco del programa Libros para Aprender, del Ministerio de Educaci\u00f3n nacional, iniciativa que llegar\u00e1 a todas las escuelas secundarias del distrito.<\/p>\n\n\n\n<p>Estuvieron presentes: el secretario y la subsecretaria de Educaci\u00f3n local, Joaqu\u00edn Desmery y Nancy Brites; las y los concejales, Florencia Esteche, Evelin Giancristoforo, Mariano Casado y Ezequiel Ar\u00e1uz; la jefa distrital de Educaci\u00f3n, Florencia Elvino; el director general de Infraestructura Escolar, Santiago Brardinelli, y el director de Gesti\u00f3n Educativa, Leonardo Casazza.<\/p>\n","protected":false},"excerpt":{"rendered":"<p>La intendenta<\/p>\n","protected":false},"author":1,"featured_media":39574,"comment_status":"closed","ping_status":"closed","sticky":false,"template":"","format":"standard","meta":{"footnotes":""},"categories":[2],"tags":[200,35,17],"class_list":["post-40283","post","type-post","status-publish","format-standard","has-post-thumbnail","hentry","category-quilmes","tag-mayra-mendoza","tag-municipio-de-quilmes","tag-quilmes"],"_links":{"self":[{"href":"https:\/\/panoramadelsur.com.ar\/index.php?rest_route=\/wp\/v2\/posts\/40283","targetHints":{"allow":["GET"]}}],"collection":[{"href":"https:\/\/panoramadelsur.com.ar\/index.php?rest_route=\/wp\/v2\/posts"}],"about":[{"href":"https:\/\/panoramadelsur.com.ar\/index.php?rest_route=\/wp\/v2\/types\/post"}],"author":[{"embeddable":true,"href":"https:\/\/panoramadelsur.com.ar\/index.php?rest_route=\/wp\/v2\/users\/1"}],"replies":[{"embeddable":true,"href":"https:\/\/panoramadelsur.com.ar\/index.php?rest_route=%2Fwp%2Fv2%2Fcomments&post=40283"}],"version-history":[{"count":1,"href":"https:\/\/panoramadelsur.com.ar\/index.php?rest_route=\/wp\/v2\/posts\/40283\/revisions"}],"predecessor-version":[{"id":40285,"href":"https:\/\/panoramadelsur.com.ar\/index.php?rest_route=\/wp\/v2\/posts\/40283\/revisions\/40285"}],"wp:featuredmedia":[{"embeddable":true,"href":"https:\/\/panoramadelsur.com.ar\/index.php?rest_route=\/wp\/v2\/media\/39574"}],"wp:attachment":[{"href":"https:\/\/panoramadelsur.com.ar\/index.php?rest_route=%2Fwp%2Fv2%2Fmedia&parent=40283"}],"wp:term":[{"taxonomy":"category","embeddable":true,"href":"https:\/\/panoramadelsur.com.ar\/index.php?rest_route=%2Fwp%2Fv2%2Fcategories&post=40283"},{"taxonomy":"post_tag","embeddable":true,"href":"https:\/\/panoramadelsur.com.ar\/index.php?rest_route=%2Fwp%2Fv2%2Ftags&post=40283"}],"curies":[{"name":"wp","href":"https:\/\/api.w.org\/{rel}","templated":true}]}}