{"id":40298,"date":"2023-05-19T01:04:00","date_gmt":"2023-05-19T04:04:00","guid":{"rendered":"https:\/\/panoramadelsur.com.ar\/?p=40298"},"modified":"2023-05-18T21:59:37","modified_gmt":"2023-05-19T00:59:37","slug":"el-gobierno-de-catamarca-convoco-a-elecciones-paso-para-13-de-agosto-y-generales-el-22-de-octubre","status":"publish","type":"post","link":"https:\/\/panoramadelsur.com.ar\/?p=40298","title":{"rendered":"EL GOBIERNO DE CATAMARCA CONVOC\u00d3 A ELECCIONES PASO PARA 13 DE AGOSTO Y GENERALES EL 22 DE OCTUBRE"},"content":{"rendered":"\n<p>El gobierno de Catamarca oficializ\u00f3 la convocatoria para las Elecciones Primarias, Abiertas, Simult\u00e1neas y Obligatorias (PASO) para el domingo 13 de agosto y las generales para el 22 de octubre, en forma simult\u00e1nea con los comicios nacionales, para elegir gobernador y vicegobernador y legisladores provinciales.<\/p>\n\n\n\n<p>El documento publicado por el gobierno catamarque\u00f1o se\u00f1ala que \u00abmediante el Decreto N\u00b01233\/23, el Poder Ejecutivo Provincial oficializ\u00f3 la convocatoria de las Elecciones Primarias, Abiertas, Simult\u00e1neas y Obligatorias (PASO) para el pr\u00f3ximo domingo 13 de agosto, y las Elecciones Generales para el 22 de octubre, en forma simult\u00e1nea con las elecciones para cargos nacionales\u00bb.<\/p>\n\n\n\n<p>El decreto se\u00f1ala que las PASO \u00abser\u00e1 para elecci\u00f3n de candidatos a Gobernador y Vicegobernador de la Provincia, y veinte (20) candidatos a Diputados Provinciales y seis (6) Suplentes\u00bb y \u00aben los departamentos Ambato, Andalgal\u00e1, Bel\u00e9n, Capital, Fray Mamerto Esqui\u00fa, Pom\u00e1n, Santa Rosa y Valle Viejo, la elecci\u00f3n de un (1) candidato a Senador titular y un (1) candidato a Senador suplente\u00bb.<\/p>\n\n\n\n<p>\u00abEn tanto que, en las Elecciones Generales del 22 de octubre, en simultaneidad con las nacionales, se elegir\u00e1 a los cargos antes mencionados\u00bb, expres\u00f3 el texto.<\/p>\n\n\n\n<p>Por otro lado, el instrumento indica que \u00abdesde el Ejecutivo se invita a las municipalidades de la provincia a adherir al presente decreto disponiendo las pertinentes convocatorias a elecciones Primarias, Abiertas, Simult\u00e1neas y Obligatorias\u00bb, y \u00aba Elecciones Generales de conformidad a lo dispuesto en el Art\u00edculo 252\u00b0 Inc. 1 y 12 de la Constituci\u00f3n de la Provincia, y Art\u00edculos 19\u00b0 y 43\u00b0 de la Ley N\u00b0 4.640, Art\u00edculo 28\u00b0 de la Ley N\u00b0 4.628 y Art\u00edculo 12 de la Ley N\u00b0 4.660 \u00abLey Org\u00e1nica Municipal y R\u00e9gimen Comunal\u00bb (texto seg\u00fan Art\u00edculo 11\u00b0 Ley N\u00b0 5.539)\u00bb.<\/p>\n\n\n\n<p>\u00abLa convocatoria a elecciones efectuada mediante el presente decreto, simult\u00e1neamente con las Elecciones Primarias, Abiertas, Simult\u00e1neas y Obligatorias, y las Elecciones Generales, se realizar\u00e1n con sujeci\u00f3n a la Ley Nacional N\u00b0 15.262 y sus modificatorias, Decreto Reglamentario N\u00b0 17.265\/ 59, y conforme a las normas de la Ley Nacional de Elecciones\u00bb, sostuvo el decreto del Gobierno de Catamarca.<\/p>\n","protected":false},"excerpt":{"rendered":"<p>El gobierno<\/p>\n","protected":false},"author":1,"featured_media":39574,"comment_status":"closed","ping_status":"closed","sticky":false,"template":"","format":"standard","meta":{"footnotes":""},"categories":[4,8],"tags":[59],"class_list":["post-40298","post","type-post","status-publish","format-standard","has-post-thumbnail","hentry","category-nacionales","category-para-agendar","tag-nacionales"],"_links":{"self":[{"href":"https:\/\/panoramadelsur.com.ar\/index.php?rest_route=\/wp\/v2\/posts\/40298","targetHints":{"allow":["GET"]}}],"collection":[{"href":"https:\/\/panoramadelsur.com.ar\/index.php?rest_route=\/wp\/v2\/posts"}],"about":[{"href":"https:\/\/panoramadelsur.com.ar\/index.php?rest_route=\/wp\/v2\/types\/post"}],"author":[{"embeddable":true,"href":"https:\/\/panoramadelsur.com.ar\/index.php?rest_route=\/wp\/v2\/users\/1"}],"replies":[{"embeddable":true,"href":"https:\/\/panoramadelsur.com.ar\/index.php?rest_route=%2Fwp%2Fv2%2Fcomments&post=40298"}],"version-history":[{"count":1,"href":"https:\/\/panoramadelsur.com.ar\/index.php?rest_route=\/wp\/v2\/posts\/40298\/revisions"}],"predecessor-version":[{"id":40300,"href":"https:\/\/panoramadelsur.com.ar\/index.php?rest_route=\/wp\/v2\/posts\/40298\/revisions\/40300"}],"wp:featuredmedia":[{"embeddable":true,"href":"https:\/\/panoramadelsur.com.ar\/index.php?rest_route=\/wp\/v2\/media\/39574"}],"wp:attachment":[{"href":"https:\/\/panoramadelsur.com.ar\/index.php?rest_route=%2Fwp%2Fv2%2Fmedia&parent=40298"}],"wp:term":[{"taxonomy":"category","embeddable":true,"href":"https:\/\/panoramadelsur.com.ar\/index.php?rest_route=%2Fwp%2Fv2%2Fcategories&post=40298"},{"taxonomy":"post_tag","embeddable":true,"href":"https:\/\/panoramadelsur.com.ar\/index.php?rest_route=%2Fwp%2Fv2%2Ftags&post=40298"}],"curies":[{"name":"wp","href":"https:\/\/api.w.org\/{rel}","templated":true}]}}