{"id":40304,"date":"2023-05-19T01:08:00","date_gmt":"2023-05-19T04:08:00","guid":{"rendered":"https:\/\/panoramadelsur.com.ar\/?p=40304"},"modified":"2023-05-18T22:10:54","modified_gmt":"2023-05-19T01:10:54","slug":"avellaneda-sumo-vehiculos-para-las-fuerzas-policiales","status":"publish","type":"post","link":"https:\/\/panoramadelsur.com.ar\/?p=40304","title":{"rendered":"AVELLANEDA SUM\u00d3 VEH\u00cdCULOS PARA LAS FUERZAS POLICIALES"},"content":{"rendered":"\n<p>Esta semana el intendente Jorge Ferraresi, junto con el secretario de Seguridad Ciudadana de Avellaneda, Alejo Chornobroff, entreg\u00f3 en el play\u00f3n de estacionamiento del Palacio Municipal las llaves de cada nuevo veh\u00edculo que se suma a las tareas de patrullaje de las fuerzas de seguridad de Avellaneda.<\/p>\n\n\n\n<p>Se incorporaron 7 autom\u00f3viles, 16 camionetas y 25 motos que permitir\u00e1n fortalecer las tareas de prevenci\u00f3n de delitos en toda la ciudad.<\/p>\n\n\n\n<p>Participaron de la entrega el comisario mayor y jefe distrital, Gregorio Mart\u00ednez; el jefe de comando, Javier Bibiano; el titular del HCD, Hugo Barrueco; el subsecretario de Seguridad Ciudadana, Mart\u00edn Montiel, adem\u00e1s de otros funcionarios y funcionarias locales.<\/p>\n","protected":false},"excerpt":{"rendered":"<p>Esta semana<\/p>\n","protected":false},"author":1,"featured_media":39574,"comment_status":"closed","ping_status":"closed","sticky":false,"template":"","format":"standard","meta":{"footnotes":""},"categories":[3],"tags":[54],"class_list":["post-40304","post","type-post","status-publish","format-standard","has-post-thumbnail","hentry","category-regionales","tag-avellaneda"],"_links":{"self":[{"href":"https:\/\/panoramadelsur.com.ar\/index.php?rest_route=\/wp\/v2\/posts\/40304","targetHints":{"allow":["GET"]}}],"collection":[{"href":"https:\/\/panoramadelsur.com.ar\/index.php?rest_route=\/wp\/v2\/posts"}],"about":[{"href":"https:\/\/panoramadelsur.com.ar\/index.php?rest_route=\/wp\/v2\/types\/post"}],"author":[{"embeddable":true,"href":"https:\/\/panoramadelsur.com.ar\/index.php?rest_route=\/wp\/v2\/users\/1"}],"replies":[{"embeddable":true,"href":"https:\/\/panoramadelsur.com.ar\/index.php?rest_route=%2Fwp%2Fv2%2Fcomments&post=40304"}],"version-history":[{"count":1,"href":"https:\/\/panoramadelsur.com.ar\/index.php?rest_route=\/wp\/v2\/posts\/40304\/revisions"}],"predecessor-version":[{"id":40306,"href":"https:\/\/panoramadelsur.com.ar\/index.php?rest_route=\/wp\/v2\/posts\/40304\/revisions\/40306"}],"wp:featuredmedia":[{"embeddable":true,"href":"https:\/\/panoramadelsur.com.ar\/index.php?rest_route=\/wp\/v2\/media\/39574"}],"wp:attachment":[{"href":"https:\/\/panoramadelsur.com.ar\/index.php?rest_route=%2Fwp%2Fv2%2Fmedia&parent=40304"}],"wp:term":[{"taxonomy":"category","embeddable":true,"href":"https:\/\/panoramadelsur.com.ar\/index.php?rest_route=%2Fwp%2Fv2%2Fcategories&post=40304"},{"taxonomy":"post_tag","embeddable":true,"href":"https:\/\/panoramadelsur.com.ar\/index.php?rest_route=%2Fwp%2Fv2%2Ftags&post=40304"}],"curies":[{"name":"wp","href":"https:\/\/api.w.org\/{rel}","templated":true}]}}