{"id":40307,"date":"2023-05-19T01:10:00","date_gmt":"2023-05-19T04:10:00","guid":{"rendered":"https:\/\/panoramadelsur.com.ar\/?p=40307"},"modified":"2023-05-18T22:18:08","modified_gmt":"2023-05-19T01:18:08","slug":"municipio-y-provincia-otorgaron-escrituras-a-varelenses-de-mas-de-50-barrios","status":"publish","type":"post","link":"https:\/\/panoramadelsur.com.ar\/?p=40307","title":{"rendered":"MUNICIPIO Y PROVINCIA OTORGARON ESCRITURAS A VARELENSES DE M\u00c1S DE 50 BARRIOS"},"content":{"rendered":"\n<p>El intendente -Andr\u00e9s Watson- encabez\u00f3 la entrega de 194 documentaciones a familias del distrito que pasaron a ser due\u00f1as de sus viviendas en un acto efectuado esta ma\u00f1ana en el sal\u00f3n de Bomberos Voluntarios, ubicado en 25 de Mayo esquina Dorrego.<\/p>\n\n\n\n<p>El Jefe Comunal sintetiz\u00f3 al encuentro como \u201cla representaci\u00f3n de un Estado presente que ratific\u00f3 los derechos tanto de los vecinos como de las vecinas\u201d. \u201cLos tr\u00e1mites fueron el resultado del gran esfuerzo realizado en construir, mejorar o ampliar sus inmuebles tanto para ustedes como para futuras generaciones\u201d, expres\u00f3.<\/p>\n\n\n\n<p>El subsecretario de H\u00e1bitat de la Comunidad bonaerense -Rub\u00e9n Pascolini- destac\u00f3 que las legalizaciones abrieron la posibilidad de \u201crevalorizar, comercializar y hasta heredar las casas, incluso acceder a un cr\u00e9dito al ofrecer como garant\u00eda la propiedad\u201d. Luego, agradeci\u00f3 \u201cel trabajo concretado por la Intendencia a trav\u00e9s de la dedicaci\u00f3n de todo su personal\u201d.<\/p>\n\n\n\n<p>La residente en KM 26.700 -Graciela Contreras- manifest\u00f3 su alegr\u00eda por \u201cavanzar en la normalizaci\u00f3n de cada hogar. La gesti\u00f3n fue r\u00e1pida, en menos de un a\u00f1o lo logr\u00e9\u201d. Por su parte, la frentista de Zeballos -N\u00e9lida del Carmen Ch\u00e1vez- calific\u00f3 de \u201cmuy buena la labor de la Comuna para la obtenci\u00f3n de este recurso. Ya prepar\u00e9 un festejo a modo de celebraci\u00f3n\u201d.<\/p>\n\n\n\n<p>Del total de escrituras, 159 correspondieron a actas de consolidaci\u00f3n (Ley N\u00ba25.797) y 35 de regularizaci\u00f3n dominial (Ley N\u00ba 24.374). Los y las habitantes eran de 5 de Enero, 9 De Julio, El Alpino, Altamira, Bosques Norte, La Carolina 2, Centro, Chacabuco, Don Jos\u00e9, Don Orione, El Molino, El Parque, Gobernador Monteverde, General Belgrano, General San Mart\u00edn, Ingeniero Allan, La Capilla, La Colorada Este, La Esmeralda, La Sirena, Las Margaritas, Libertad, Los Pilares, Luj\u00e1n, Mayol, Monte Cudine, Pico de Oro, Presidente Avellaneda, Ricardo Rojas, San Eduardo, San Jorge, San Nicol\u00e1s, Santa Ana, Santa Rosa, Santo Tom\u00e1s,&nbsp; Sarmiento, Villa Ang\u00e9lica, Villa Argentina, Villa Arias, Villa del Plata, Villa Hudson, Villa M\u00f3nica Nueva, Villa M\u00f3nica Vieja, Villa Aurora, entre otros.<\/p>\n\n\n\n<p>Estuvieron presentes los secretarios de Obras, Servicios P\u00fablicos, Ambiente y Planificaci\u00f3n Urbana -Diego Trejo- y de Gobierno -Daniel Dono Leidi-; la directora provincial de Producci\u00f3n de H\u00e1bitat -Silvana Santinon-, entre otras autoridades.<\/p>\n","protected":false},"excerpt":{"rendered":"<p>El intendente<\/p>\n","protected":false},"author":1,"featured_media":39574,"comment_status":"closed","ping_status":"closed","sticky":false,"template":"","format":"standard","meta":{"footnotes":""},"categories":[3],"tags":[30],"class_list":["post-40307","post","type-post","status-publish","format-standard","has-post-thumbnail","hentry","category-regionales","tag-varela"],"_links":{"self":[{"href":"https:\/\/panoramadelsur.com.ar\/index.php?rest_route=\/wp\/v2\/posts\/40307","targetHints":{"allow":["GET"]}}],"collection":[{"href":"https:\/\/panoramadelsur.com.ar\/index.php?rest_route=\/wp\/v2\/posts"}],"about":[{"href":"https:\/\/panoramadelsur.com.ar\/index.php?rest_route=\/wp\/v2\/types\/post"}],"author":[{"embeddable":true,"href":"https:\/\/panoramadelsur.com.ar\/index.php?rest_route=\/wp\/v2\/users\/1"}],"replies":[{"embeddable":true,"href":"https:\/\/panoramadelsur.com.ar\/index.php?rest_route=%2Fwp%2Fv2%2Fcomments&post=40307"}],"version-history":[{"count":1,"href":"https:\/\/panoramadelsur.com.ar\/index.php?rest_route=\/wp\/v2\/posts\/40307\/revisions"}],"predecessor-version":[{"id":40309,"href":"https:\/\/panoramadelsur.com.ar\/index.php?rest_route=\/wp\/v2\/posts\/40307\/revisions\/40309"}],"wp:featuredmedia":[{"embeddable":true,"href":"https:\/\/panoramadelsur.com.ar\/index.php?rest_route=\/wp\/v2\/media\/39574"}],"wp:attachment":[{"href":"https:\/\/panoramadelsur.com.ar\/index.php?rest_route=%2Fwp%2Fv2%2Fmedia&parent=40307"}],"wp:term":[{"taxonomy":"category","embeddable":true,"href":"https:\/\/panoramadelsur.com.ar\/index.php?rest_route=%2Fwp%2Fv2%2Fcategories&post=40307"},{"taxonomy":"post_tag","embeddable":true,"href":"https:\/\/panoramadelsur.com.ar\/index.php?rest_route=%2Fwp%2Fv2%2Ftags&post=40307"}],"curies":[{"name":"wp","href":"https:\/\/api.w.org\/{rel}","templated":true}]}}