{"id":40310,"date":"2023-05-19T01:05:00","date_gmt":"2023-05-19T04:05:00","guid":{"rendered":"https:\/\/panoramadelsur.com.ar\/?p=40310"},"modified":"2023-05-18T22:22:49","modified_gmt":"2023-05-19T01:22:49","slug":"andres-watson-monitoreo-las-refacciones-en-el-edificio-de-la-primaria-no3-y-la-secundaria-no45","status":"publish","type":"post","link":"https:\/\/panoramadelsur.com.ar\/?p=40310","title":{"rendered":"ANDR\u00c9S WATSON MONITORE\u00d3 LAS REFACCIONES EN EL EDIFICIO DE LA PRIMARIA N\u00ba3 Y LA SECUNDARIA N\u00ba45"},"content":{"rendered":"\n<p>El mandatario comunal, Andr\u00e9s Watson, corrobor\u00f3 los avances en la restauraci\u00f3n integral del establecimiento pedag\u00f3gico situado sobre Ruta Provincial N\u00ba53 y calle 736, Villa M\u00f3nica Nueva.<\/p>\n\n\n\n<p>\u201cUna inversi\u00f3n provincial que permiti\u00f3 reparar el techo, renovar la instalaci\u00f3n el\u00e9ctrica, sanitarios, puesta en valor del ingreso, una nueva cocina, equipada, en el espacio adecuado\u201d, especific\u00f3 el Alcalde sobre una rehabilitaci\u00f3n que tambi\u00e9n contempl\u00f3 \u201cla reconexi\u00f3n a la red de gas en una escuela con calefacci\u00f3n central: la edificaci\u00f3n ten\u00eda el cielorraso roto, juntaba agua y durante la gesti\u00f3n 2015-2019 realizaron una salida pluvial con la que anularon la calefacci\u00f3n\u201d.<\/p>\n\n\n\n<p>\u201cEsta decisi\u00f3n del gobernador Axel Kicillof no consisti\u00f3 solo en obras sino proporcionar tanto libros como computadoras para sus estudiantes junto a mobiliario indispensable para el proceso de aprendizaje\u201d, agreg\u00f3 el Intendente sobre las estrategias aplicadas en el inmueble.<\/p>\n\n\n\n<p>M\u00f3nica Oviedo, responsable de los m\u00e1s de 480 alumnos y alumnas en el nivel superior, demostr\u00f3 su felicidad al ver \u201cel progreso en una intervenci\u00f3n necesaria, sostenible en el tiempo, para abarcar toda la infraestructura\u201d. \u201cEsto signific\u00f3 un logro. Fuera de lo est\u00e9tico, involucr\u00f3 una cuesti\u00f3n meramente de seguridad. Antes, era muy riesgoso dictar clases los d\u00edas de lluvia producto de las filtraciones que afectaban la electricidad\u201d, record\u00f3.<\/p>\n\n\n\n<p>\u201cLa primera vez que recibimos tanto en un periodo tan corto\u201d, exclam\u00f3. Luego, resalt\u00f3 \u201cla ayuda obtenida desde el gobierno bonaerense con la adjudicaci\u00f3n de ejemplares de lectura para 1\u00ba, 2\u00ba y 3\u00ba; netbooks; 60 mesas y sillas m\u00e1s pizarrones para amoblar dos aulas\u201d.<\/p>\n\n\n\n<p>Rodrigo Guti\u00e9rrez, flamante autoridad en la Primaria con una matr\u00edcula de 960 chicos y chicas, asegur\u00f3: \u201cDesde que comenc\u00e9 a desempe\u00f1arme como director a la actualidad, los grandes inconvenientes estructurales que ten\u00edamos fueron resueltos exponencialmente\u201d.<\/p>\n\n\n\n<p>\u201cCuando recib\u00ed el llamado del Municipio para concretar este proyecto hab\u00eda bastante descreimiento. Me dec\u00edan \u2018confiaste porque eras nuevo\u2019. Est\u00e1bamos en el contexto del Mundial, entonces promet\u00ed que, al finalizar la obra, me iba a tatuar la frase \u2018Elijo creer\u2019\u201d, comparti\u00f3 como an\u00e9cdota y concluy\u00f3: \u201cAl poco tiempo, llegaron las empresas, los arquitectos&#8230;cada vez nos entusiasm\u00e1bamos m\u00e1s al ver que era una realidad\u201d.<\/p>\n\n\n\n<p>Las labores ejecutadas tanto en planta baja como alta fueron: reemplazar puertas, rejas, carpinter\u00eda, vidrios m\u00e1s la readecuaci\u00f3n de ba\u00f1os y el sector de la cocina. En simult\u00e1neo, construyeron un sobretecho con perfiles met\u00e1licos, cubierta de chapa, con los correspondientes desag\u00fces pluviales. Registraron una evoluci\u00f3n de las tareas cercana al 40%.<\/p>\n\n\n\n<p>Estuvieron presentes la secretaria de Educaci\u00f3n, Andrea Digiobani; el secretario de Obras, Servicios P\u00fablicos, Ambiente y Planificaci\u00f3n Urbana, Diego Trejo; el jefe distrital de Educaci\u00f3n, Alfredo Schveizer; la presidenta en el Consejo Escolar, Claudia Allerbon.<\/p>\n","protected":false},"excerpt":{"rendered":"<p>El mandatario<\/p>\n","protected":false},"author":1,"featured_media":39574,"comment_status":"closed","ping_status":"closed","sticky":false,"template":"","format":"standard","meta":{"footnotes":""},"categories":[3],"tags":[30],"class_list":["post-40310","post","type-post","status-publish","format-standard","has-post-thumbnail","hentry","category-regionales","tag-varela"],"_links":{"self":[{"href":"https:\/\/panoramadelsur.com.ar\/index.php?rest_route=\/wp\/v2\/posts\/40310","targetHints":{"allow":["GET"]}}],"collection":[{"href":"https:\/\/panoramadelsur.com.ar\/index.php?rest_route=\/wp\/v2\/posts"}],"about":[{"href":"https:\/\/panoramadelsur.com.ar\/index.php?rest_route=\/wp\/v2\/types\/post"}],"author":[{"embeddable":true,"href":"https:\/\/panoramadelsur.com.ar\/index.php?rest_route=\/wp\/v2\/users\/1"}],"replies":[{"embeddable":true,"href":"https:\/\/panoramadelsur.com.ar\/index.php?rest_route=%2Fwp%2Fv2%2Fcomments&post=40310"}],"version-history":[{"count":1,"href":"https:\/\/panoramadelsur.com.ar\/index.php?rest_route=\/wp\/v2\/posts\/40310\/revisions"}],"predecessor-version":[{"id":40312,"href":"https:\/\/panoramadelsur.com.ar\/index.php?rest_route=\/wp\/v2\/posts\/40310\/revisions\/40312"}],"wp:featuredmedia":[{"embeddable":true,"href":"https:\/\/panoramadelsur.com.ar\/index.php?rest_route=\/wp\/v2\/media\/39574"}],"wp:attachment":[{"href":"https:\/\/panoramadelsur.com.ar\/index.php?rest_route=%2Fwp%2Fv2%2Fmedia&parent=40310"}],"wp:term":[{"taxonomy":"category","embeddable":true,"href":"https:\/\/panoramadelsur.com.ar\/index.php?rest_route=%2Fwp%2Fv2%2Fcategories&post=40310"},{"taxonomy":"post_tag","embeddable":true,"href":"https:\/\/panoramadelsur.com.ar\/index.php?rest_route=%2Fwp%2Fv2%2Ftags&post=40310"}],"curies":[{"name":"wp","href":"https:\/\/api.w.org\/{rel}","templated":true}]}}