{"id":40319,"date":"2023-05-19T01:09:00","date_gmt":"2023-05-19T04:09:00","guid":{"rendered":"https:\/\/panoramadelsur.com.ar\/?p=40319"},"modified":"2023-05-18T22:37:00","modified_gmt":"2023-05-19T01:37:00","slug":"berazategui-esta-armando-su-seleccion-femenina-de-futbol","status":"publish","type":"post","link":"https:\/\/panoramadelsur.com.ar\/?p=40319","title":{"rendered":"BERAZATEGUI EST\u00c1 ARMANDO SU SELECCI\u00d3N FEMENINA DE F\u00daTBOL"},"content":{"rendered":"\n<p><strong>Berazategui ya est\u00e1 preseleccionando a las jugadoras de f\u00fatbol que ser\u00e1n parte, con el equipo municipal, de la segunda edici\u00f3n de la Copa Igualdad, organizada por el Ministerio de las Mujeres, Pol\u00edticas de G\u00e9nero y Diversidad Sexual de la provincia de Buenos Aires. Se jugar\u00e1 en las ocho regiones bonaerenses y contar\u00e1 con m\u00e1s de 80 seleccionados distritales.<\/strong><br><br>La elecci\u00f3n de las deportistas se est\u00e1 realizando en articulaci\u00f3n con la Secretar\u00eda de Desarrollo Social y Comunitario, Recreaci\u00f3n, Turismo y Deportes de la Municipalidad. Ellas representan a las 38 instituciones participantes en el Campeonato Municipal de F\u00fatbol Femenino Evita Capitana. Tambi\u00e9n se sumar\u00e1n las futbolistas del Club Municipal Malter\u00eda Hudson.<\/p>\n\n\n\n<p>Al respecto, la secretaria de Desarrollo Social y Comunitario, Recreaci\u00f3n, Turismo y Deportes, Mar\u00eda Laura Lacava, afirm\u00f3: \u201cComenzamos con la preselecci\u00f3n de lo que ser\u00e1 el Seleccionado de Berazategui de F\u00fatbol Femenino, que va a competir con otros equipos de la provincia de Buenos Aires. Gracias al gobernador Axel Kicillof y al Ministerio de las Mujeres, Pol\u00edticas de G\u00e9nero y Diversidad Sexual bonaerense se va a llevar adelante un campeonato provincial donde nuestro equipo va a participar. Estamos felices de que en Berazategui el f\u00fatbol se llene de mujeres\u201d.<\/p>\n\n\n\n<p>La Copa Igualdad es la competencia con m\u00e1s participantes de las que se han realizado, hasta ahora, en el pa\u00eds, con 60 equipos m\u00e1s que la Liga oficial. Tiene como objetivo promover la transversalizaci\u00f3n de la perspectiva de g\u00e9nero en el deporte a trav\u00e9s de la implementaci\u00f3n del Tercer Tiempo como espacio de discusi\u00f3n y sensibilizaci\u00f3n, favoreciendo el acceso a la pr\u00e1ctica deportiva sin discriminaci\u00f3n.<\/p>\n","protected":false},"excerpt":{"rendered":"<p>Berazategui ya<\/p>\n","protected":false},"author":1,"featured_media":39574,"comment_status":"closed","ping_status":"closed","sticky":false,"template":"","format":"standard","meta":{"footnotes":""},"categories":[3],"tags":[40],"class_list":["post-40319","post","type-post","status-publish","format-standard","has-post-thumbnail","hentry","category-regionales","tag-berazategui"],"_links":{"self":[{"href":"https:\/\/panoramadelsur.com.ar\/index.php?rest_route=\/wp\/v2\/posts\/40319","targetHints":{"allow":["GET"]}}],"collection":[{"href":"https:\/\/panoramadelsur.com.ar\/index.php?rest_route=\/wp\/v2\/posts"}],"about":[{"href":"https:\/\/panoramadelsur.com.ar\/index.php?rest_route=\/wp\/v2\/types\/post"}],"author":[{"embeddable":true,"href":"https:\/\/panoramadelsur.com.ar\/index.php?rest_route=\/wp\/v2\/users\/1"}],"replies":[{"embeddable":true,"href":"https:\/\/panoramadelsur.com.ar\/index.php?rest_route=%2Fwp%2Fv2%2Fcomments&post=40319"}],"version-history":[{"count":1,"href":"https:\/\/panoramadelsur.com.ar\/index.php?rest_route=\/wp\/v2\/posts\/40319\/revisions"}],"predecessor-version":[{"id":40321,"href":"https:\/\/panoramadelsur.com.ar\/index.php?rest_route=\/wp\/v2\/posts\/40319\/revisions\/40321"}],"wp:featuredmedia":[{"embeddable":true,"href":"https:\/\/panoramadelsur.com.ar\/index.php?rest_route=\/wp\/v2\/media\/39574"}],"wp:attachment":[{"href":"https:\/\/panoramadelsur.com.ar\/index.php?rest_route=%2Fwp%2Fv2%2Fmedia&parent=40319"}],"wp:term":[{"taxonomy":"category","embeddable":true,"href":"https:\/\/panoramadelsur.com.ar\/index.php?rest_route=%2Fwp%2Fv2%2Fcategories&post=40319"},{"taxonomy":"post_tag","embeddable":true,"href":"https:\/\/panoramadelsur.com.ar\/index.php?rest_route=%2Fwp%2Fv2%2Ftags&post=40319"}],"curies":[{"name":"wp","href":"https:\/\/api.w.org\/{rel}","templated":true}]}}