{"id":40325,"date":"2023-05-19T01:07:00","date_gmt":"2023-05-19T04:07:00","guid":{"rendered":"https:\/\/panoramadelsur.com.ar\/?p=40325"},"modified":"2023-05-18T22:56:34","modified_gmt":"2023-05-19T01:56:34","slug":"mas-netbooks-para-estudiantes-de-berazategui","status":"publish","type":"post","link":"https:\/\/panoramadelsur.com.ar\/?p=40325","title":{"rendered":"M\u00c1S NETBOOKS PARA ESTUDIANTES DE BERAZATEGUI"},"content":{"rendered":"\n<p><strong>A trav\u00e9s del Programa Conectar Igualdad Bonaerense, en esta nueva jornada fueron beneficiados estudiantes del \u00faltimo a\u00f1o de las Escuelas Secundarias N\u00ba 11 -anfitriona del evento- y 14. El intendente de Berazategui, Juan Jos\u00e9 Mussi, encabez\u00f3 esta semana el acto, acompa\u00f1ado de directivos, alumnos, alumnas e integrantes de la comunidad educativa de ambos establecimientos.<\/strong><\/p>\n\n\n\n<p>En este marco, el Intendente resalt\u00f3: \u201cEsta es una de las actividades m\u00e1s lindas, porque las y los j\u00f3venes que est\u00e1n terminando la Secundaria pueden acceder a una computadora y llev\u00e1rsela a la casa. Eso es importante, tanto para su presente, como para su futuro. Espero que las cuiden. \u00dasenlas para estudiar, para mejorar su propia calidad educativa, pero tambi\u00e9n para jugar y disfrutar\u201d.<\/p>\n\n\n\n<p>Por su parte, la directora de la ES 11, Laura Barrag\u00e1n, expres\u00f3: \u201cHoy vivimos un d\u00eda de mucha alegr\u00eda. Festejamos que nuestros alumnos y alumnas reciban este beneficio que contribuye a achicar la brecha tecnol\u00f3gica y permite que puedan insertarse en el mundo digital. Los profesores tambi\u00e9n est\u00e1n muy contentos y ya planificaron diferentes proyectos gracias a este Programa\u201d.<\/p>\n\n\n\n<p>En tanto, Mateo G\u00f3mez -alumno de la ES 14- afirm\u00f3: \u201cEstas computadoras nos van a servir a todos los estudiantes, ya que nos brindan herramientas para investigar mejor, para la Universidad, para carreras universitarias o cursos de programaci\u00f3n, como el que estoy haciendo. Tambi\u00e9n las podemos usar para entretenimiento y escuchar m\u00fasica. Les podemos dar muchos usos\u201d.<\/p>\n\n\n\n<p>El Programa Conectar Igualdad Bonaerense alcanza a 3.520 alumnas y alumnos del \u00faltimo a\u00f1o de 61 instituciones de Berazategui. Su objetivo es acortar la brecha digital y mejorar la calidad educativa de las y los estudiantes del territorio bonaerense.<\/p>\n","protected":false},"excerpt":{"rendered":"<p>A trav\u00e9s<\/p>\n","protected":false},"author":1,"featured_media":39574,"comment_status":"closed","ping_status":"closed","sticky":false,"template":"","format":"standard","meta":{"footnotes":""},"categories":[3],"tags":[40],"class_list":["post-40325","post","type-post","status-publish","format-standard","has-post-thumbnail","hentry","category-regionales","tag-berazategui"],"_links":{"self":[{"href":"https:\/\/panoramadelsur.com.ar\/index.php?rest_route=\/wp\/v2\/posts\/40325","targetHints":{"allow":["GET"]}}],"collection":[{"href":"https:\/\/panoramadelsur.com.ar\/index.php?rest_route=\/wp\/v2\/posts"}],"about":[{"href":"https:\/\/panoramadelsur.com.ar\/index.php?rest_route=\/wp\/v2\/types\/post"}],"author":[{"embeddable":true,"href":"https:\/\/panoramadelsur.com.ar\/index.php?rest_route=\/wp\/v2\/users\/1"}],"replies":[{"embeddable":true,"href":"https:\/\/panoramadelsur.com.ar\/index.php?rest_route=%2Fwp%2Fv2%2Fcomments&post=40325"}],"version-history":[{"count":1,"href":"https:\/\/panoramadelsur.com.ar\/index.php?rest_route=\/wp\/v2\/posts\/40325\/revisions"}],"predecessor-version":[{"id":40327,"href":"https:\/\/panoramadelsur.com.ar\/index.php?rest_route=\/wp\/v2\/posts\/40325\/revisions\/40327"}],"wp:featuredmedia":[{"embeddable":true,"href":"https:\/\/panoramadelsur.com.ar\/index.php?rest_route=\/wp\/v2\/media\/39574"}],"wp:attachment":[{"href":"https:\/\/panoramadelsur.com.ar\/index.php?rest_route=%2Fwp%2Fv2%2Fmedia&parent=40325"}],"wp:term":[{"taxonomy":"category","embeddable":true,"href":"https:\/\/panoramadelsur.com.ar\/index.php?rest_route=%2Fwp%2Fv2%2Fcategories&post=40325"},{"taxonomy":"post_tag","embeddable":true,"href":"https:\/\/panoramadelsur.com.ar\/index.php?rest_route=%2Fwp%2Fv2%2Ftags&post=40325"}],"curies":[{"name":"wp","href":"https:\/\/api.w.org\/{rel}","templated":true}]}}