{"id":40367,"date":"2023-05-20T01:01:00","date_gmt":"2023-05-20T04:01:00","guid":{"rendered":"https:\/\/panoramadelsur.com.ar\/?p=40367"},"modified":"2023-05-19T01:04:10","modified_gmt":"2023-05-19T04:04:10","slug":"producciones-autoctonas-y-gastronomia-tradicional-en-la-3ra-fiesta-de-la-miel-varelense","status":"publish","type":"post","link":"https:\/\/panoramadelsur.com.ar\/?p=40367","title":{"rendered":"PRODUCCIONES AUT\u00d3CTONAS Y GASTRONOM\u00cdA TRADICIONAL EN LA 3RA FIESTA DE LA MIEL VARELENSE"},"content":{"rendered":"\n<p>Una cita para agendar tanto este s\u00e1bado 20 como ma\u00f1ana domingo 21 de mayo de 10 a 18 hs. en el Museo \u201cGuillermo Enrique Hudson\u201d situado en calle 1356 -desde Av. Hudson a 1381- con entrada libre y gratuita para una experiencia que combina emprendimientos junto a la Radio Municipal en vivo, shows y actividades.<\/p>\n\n\n\n<p>El secretario de Industria y Desarrollo Productivo -Ricardo de la Fuente- expres\u00f3 \u201cla relevancia que el Municipio le otorga a una producci\u00f3n local grande con una posibilidad real de crecimiento\u201d. \u201cEs un retorno esperado luego de la pandemia donde darle visibilidad a las elaboraciones varelenses\u201d, indica.<\/p>\n\n\n\n<p>\u201cHay una decisi\u00f3n pol\u00edtica del intendente Andr\u00e9s Watson no solo de apoyar sino generar las condiciones para el progreso del sector\u201d, suma el funcionario sobre la propuesta \u201cideada junto a Provincia en un entorno natural\u201d. Por \u00faltimo, insisti\u00f3 en \u201ccuidar tanto a la reserva como a su ecosistema durante la realizaci\u00f3n del evento\u201d.<\/p>\n","protected":false},"excerpt":{"rendered":"<p>Una cita<\/p>\n","protected":false},"author":1,"featured_media":39574,"comment_status":"closed","ping_status":"closed","sticky":false,"template":"","format":"standard","meta":{"footnotes":""},"categories":[8,3],"tags":[30],"class_list":["post-40367","post","type-post","status-publish","format-standard","has-post-thumbnail","hentry","category-para-agendar","category-regionales","tag-varela"],"_links":{"self":[{"href":"https:\/\/panoramadelsur.com.ar\/index.php?rest_route=\/wp\/v2\/posts\/40367","targetHints":{"allow":["GET"]}}],"collection":[{"href":"https:\/\/panoramadelsur.com.ar\/index.php?rest_route=\/wp\/v2\/posts"}],"about":[{"href":"https:\/\/panoramadelsur.com.ar\/index.php?rest_route=\/wp\/v2\/types\/post"}],"author":[{"embeddable":true,"href":"https:\/\/panoramadelsur.com.ar\/index.php?rest_route=\/wp\/v2\/users\/1"}],"replies":[{"embeddable":true,"href":"https:\/\/panoramadelsur.com.ar\/index.php?rest_route=%2Fwp%2Fv2%2Fcomments&post=40367"}],"version-history":[{"count":1,"href":"https:\/\/panoramadelsur.com.ar\/index.php?rest_route=\/wp\/v2\/posts\/40367\/revisions"}],"predecessor-version":[{"id":40369,"href":"https:\/\/panoramadelsur.com.ar\/index.php?rest_route=\/wp\/v2\/posts\/40367\/revisions\/40369"}],"wp:featuredmedia":[{"embeddable":true,"href":"https:\/\/panoramadelsur.com.ar\/index.php?rest_route=\/wp\/v2\/media\/39574"}],"wp:attachment":[{"href":"https:\/\/panoramadelsur.com.ar\/index.php?rest_route=%2Fwp%2Fv2%2Fmedia&parent=40367"}],"wp:term":[{"taxonomy":"category","embeddable":true,"href":"https:\/\/panoramadelsur.com.ar\/index.php?rest_route=%2Fwp%2Fv2%2Fcategories&post=40367"},{"taxonomy":"post_tag","embeddable":true,"href":"https:\/\/panoramadelsur.com.ar\/index.php?rest_route=%2Fwp%2Fv2%2Ftags&post=40367"}],"curies":[{"name":"wp","href":"https:\/\/api.w.org\/{rel}","templated":true}]}}