{"id":4040,"date":"2021-05-15T01:05:00","date_gmt":"2021-05-15T04:05:00","guid":{"rendered":"http:\/\/panoramadelsur.com.ar\/?p=4040"},"modified":"2021-05-10T20:02:29","modified_gmt":"2021-05-10T23:02:29","slug":"la-produccion-textil-registro-un-incremento-del-22-en-el-primer-trimestre-del-ano","status":"publish","type":"post","link":"https:\/\/panoramadelsur.com.ar\/?p=4040","title":{"rendered":"La producci\u00f3n textil registr\u00f3 un increment\u00f3 del 22% en el primer trimestre del a\u00f1o"},"content":{"rendered":"\n<p>La producci\u00f3n textil registr\u00f3 durante el primer trimestre del 2021 un incremento del 22% con respecto a igual per\u00edodo de 2020, de acuerdo a un informe de la consultora Indicadores Econ\u00f3micos Sectoriales (IES).<\/p>\n\n\n\n<p>En lo que respecta a las prendas de vestir, el \u00edndice sectorial tambi\u00e9n tuvo una recuperaci\u00f3n en el per\u00edodo analizado del 18,3%.<\/p>\n\n\n\n<p>Alejandro Ovando, director de IES Consultores, se\u00f1al\u00f3 que \u201cluego de la fuerte ca\u00edda de 2020, la producci\u00f3n textil mostr\u00f3 una sensible recuperaci\u00f3n durante los primeros meses de 2021, ubic\u00e1ndose por encima de los niveles pre pandemia\u201d.<\/p>\n\n\n\n<p>De acuerdo al informe difundido ayer, los motivos que impulsaron la producci\u00f3n del segmento textil durante el primer trimestre fueron \u00abla protecci\u00f3n arancelara por parte del Gobierno, sumada a la escasez de divisas para la importaciones\u00bb.<\/p>\n\n\n\n<p>Por otra parte, tambi\u00e9n se ha observado una suba de costos durante los \u00faltimos meses, como consecuencia de la suba de los precios del algod\u00f3n y aumento de costos log\u00edsticos.<\/p>\n\n\n\n<p>En marzo de 2021, el crecimiento interanual de los precios de la ropa en general alcanz\u00f3 el 63,2% respecto a igual mes de 2020, manteni\u00e9ndose sustancialmente por encima de la inflaci\u00f3n general que fue de 35% en el mismo per\u00edodo del IPC CABA.<\/p>\n\n\n\n<p>Por otra parte, desde diciembre de 2020, el segmento textil acumul\u00f3 un incremento del 11,7%, mientras que el IPC CABA lo hizo a un ritmo del 10,9%, perdiendo terreno relativo en lo que va de 2021.<\/p>\n\n\n\n<p>El sector es tradicionalmente deficitario en el comercio exterior, ya que necesita de importaciones para cubrir el consumo interno, as\u00ed como tambi\u00e9n de insumos para la producci\u00f3n local de indumentaria, mientras que las exportaciones sectoriales no representan un peso significativo, se\u00f1al\u00f3 el informe de IES.<\/p>\n\n\n\n<p>Las exportaciones del sector textil e indumentaria totalizaron US$ 72,6 millones en el primer trimestre de 2021 y mostraron una fuerte recuperaci\u00f3n del 18,2%, con respecto a igual periodo de 2020, principalmente por las ventas externas de fibras de lana y tejidos.<\/p>\n\n\n\n<p>En cuanto a las importaciones del sector textil e indumentaria, estas tambi\u00e9n tuvieron un crecimiento del 5,6% en valores y mostraron una sustancial suba del 23,8% en cantidades.<\/p>\n","protected":false},"excerpt":{"rendered":"<p>La producci\u00f3n<\/p>\n","protected":false},"author":1,"featured_media":39574,"comment_status":"open","ping_status":"open","sticky":false,"template":"","format":"standard","meta":{"footnotes":""},"categories":[4],"tags":[],"class_list":["post-4040","post","type-post","status-publish","format-standard","has-post-thumbnail","hentry","category-nacionales"],"_links":{"self":[{"href":"https:\/\/panoramadelsur.com.ar\/index.php?rest_route=\/wp\/v2\/posts\/4040","targetHints":{"allow":["GET"]}}],"collection":[{"href":"https:\/\/panoramadelsur.com.ar\/index.php?rest_route=\/wp\/v2\/posts"}],"about":[{"href":"https:\/\/panoramadelsur.com.ar\/index.php?rest_route=\/wp\/v2\/types\/post"}],"author":[{"embeddable":true,"href":"https:\/\/panoramadelsur.com.ar\/index.php?rest_route=\/wp\/v2\/users\/1"}],"replies":[{"embeddable":true,"href":"https:\/\/panoramadelsur.com.ar\/index.php?rest_route=%2Fwp%2Fv2%2Fcomments&post=4040"}],"version-history":[{"count":1,"href":"https:\/\/panoramadelsur.com.ar\/index.php?rest_route=\/wp\/v2\/posts\/4040\/revisions"}],"predecessor-version":[{"id":4042,"href":"https:\/\/panoramadelsur.com.ar\/index.php?rest_route=\/wp\/v2\/posts\/4040\/revisions\/4042"}],"wp:featuredmedia":[{"embeddable":true,"href":"https:\/\/panoramadelsur.com.ar\/index.php?rest_route=\/wp\/v2\/media\/39574"}],"wp:attachment":[{"href":"https:\/\/panoramadelsur.com.ar\/index.php?rest_route=%2Fwp%2Fv2%2Fmedia&parent=4040"}],"wp:term":[{"taxonomy":"category","embeddable":true,"href":"https:\/\/panoramadelsur.com.ar\/index.php?rest_route=%2Fwp%2Fv2%2Fcategories&post=4040"},{"taxonomy":"post_tag","embeddable":true,"href":"https:\/\/panoramadelsur.com.ar\/index.php?rest_route=%2Fwp%2Fv2%2Ftags&post=4040"}],"curies":[{"name":"wp","href":"https:\/\/api.w.org\/{rel}","templated":true}]}}